{"id":6004,"date":"2020-07-31T16:32:13","date_gmt":"2020-07-31T16:32:13","guid":{"rendered":"http:\/\/prolim.mx\/?p=6004"},"modified":"2023-08-12T01:08:55","modified_gmt":"2023-08-12T01:08:55","slug":"webinar-amedirh-un-mexico-posible-despues-de-la-pandemia","status":"publish","type":"post","link":"https:\/\/prolim.mx\/index.php\/2020\/07\/31\/webinar-amedirh-un-mexico-posible-despues-de-la-pandemia\/","title":{"rendered":"Webinar AMEDIRH: Un M\u00e9xico posible despu\u00e9s de la pandemia."},"content":{"rendered":"<p><img loading=\"lazy\" decoding=\"async\" class=\"alignnone size-medium wp-image-4946\" src=\"https:\/\/dev.prolim.mx\/wp-content\/uploads\/2019\/03\/Contacto-480x148.jpg\" alt=\"\" width=\"480\" height=\"148\" srcset=\"https:\/\/prolim.mx\/wp-content\/uploads\/2019\/03\/Contacto-480x148.jpg 480w, https:\/\/prolim.mx\/wp-content\/uploads\/2019\/03\/Contacto.jpg 589w\" sizes=\"auto, (max-width: 480px) 100vw, 480px\" \/><\/p>\n<h2>\u00a0A continuaci\u00f3n les compartimos un Webinar con la pl\u00e1tica: Un M\u00e9xico posible despu\u00e9s de la pandemia, coordinada por la Asociaci\u00f3n Mexicana de Direcci\u00f3n en Recursos Humanos AC.<\/h2>\n<p><iframe loading=\"lazy\" title=\"Luis de la Calle - Webinar M\u00e9xico posible despu\u00e9s de la pandemia\" width=\"1290\" height=\"726\" src=\"https:\/\/www.youtube.com\/embed\/7_zCw3vTVRA?feature=oembed\" frameborder=\"0\" allow=\"accelerometer; autoplay; clipboard-write; encrypted-media; gyroscope; picture-in-picture\" allowfullscreen><\/iframe><\/p>\n<p><img loading=\"lazy\" decoding=\"async\" class=\"alignnone size-medium wp-image-4888\" src=\"https:\/\/dev.prolim.mx\/wp-content\/uploads\/2019\/02\/logoProlim-1-2-480x257.png\" alt=\"\" width=\"480\" height=\"257\" srcset=\"https:\/\/prolim.mx\/wp-content\/uploads\/2019\/02\/logoProlim-1-2-480x257.png 480w, https:\/\/prolim.mx\/wp-content\/uploads\/2019\/02\/logoProlim-1-2.png 512w\" sizes=\"auto, (max-width: 480px) 100vw, 480px\" \/><\/p>\n","protected":false},"excerpt":{"rendered":"<p>\u00a0A continuaci\u00f3n les compartimos un Webinar con la pl\u00e1tica: Un M\u00e9xico posible despu\u00e9s de la pandemia, coordinada por la Asociaci\u00f3n Mexicana de Direcci\u00f3n en Recursos Humanos AC.<\/p>\n","protected":false},"author":6,"featured_media":6006,"comment_status":"closed","ping_status":"closed","sticky":false,"template":"","format":"standard","meta":{"_joinchat":[],"footnotes":""},"categories":[50,1,43,15],"tags":[],"class_list":["post-6004","post","type-post","status-publish","format-standard","has-post-thumbnail","hentry","category-capacitacion","category-uncategorized","category-recursos-humanos","category-videos"],"blocksy_meta":{"styles_descriptor":{"styles":{"desktop":"","tablet":"","mobile":""},"google_fonts":[],"version":6}},"featured_image_urls_v2":{"full":["https:\/\/prolim.mx\/wp-content\/uploads\/2020\/07\/amedirh9.png",1920,1080,false],"thumbnail":["https:\/\/prolim.mx\/wp-content\/uploads\/2020\/07\/amedirh9-150x150.png",150,150,true],"medium":["https:\/\/prolim.mx\/wp-content\/uploads\/2020\/07\/amedirh9-480x270.png",480,270,true],"medium_large":["https:\/\/prolim.mx\/wp-content\/uploads\/2020\/07\/amedirh9-768x432.png",768,432,true],"large":["https:\/\/prolim.mx\/wp-content\/uploads\/2020\/07\/amedirh9-1200x675.png",1200,675,true],"1536x1536":["https:\/\/prolim.mx\/wp-content\/uploads\/2020\/07\/amedirh9.png",1536,864,false],"2048x2048":["https:\/\/prolim.mx\/wp-content\/uploads\/2020\/07\/amedirh9.png",1920,1080,false],"smart-post-landscape":["https:\/\/prolim.mx\/wp-content\/uploads\/2020\/07\/amedirh9.png",870,489,false],"smart-post-portrait":["https:\/\/prolim.mx\/wp-content\/uploads\/2020\/07\/amedirh9.png",600,338,false]},"post_excerpt_stackable_v2":"<p>\u00a0A continuaci\u00f3n les compartimos un Webinar con la pl\u00e1tica: Un M\u00e9xico posible despu\u00e9s de la pandemia, coordinada por la Asociaci\u00f3n Mexicana de Direcci\u00f3n en Recursos Humanos AC.<\/p>\n","category_list_v2":"<a href=\"https:\/\/prolim.mx\/index.php\/category\/capacitacion\/\" rel=\"category tag\">Capacitaci\u00f3n<\/a>, <a href=\"https:\/\/prolim.mx\/index.php\/category\/uncategorized\/\" rel=\"category tag\">Desarrollo Humano<\/a>, <a href=\"https:\/\/prolim.mx\/index.php\/category\/recursos-humanos\/\" rel=\"category tag\">Recursos Humanos<\/a>, <a href=\"https:\/\/prolim.mx\/index.php\/category\/videos\/\" rel=\"category tag\">Videos<\/a>","author_info_v2":{"name":"PROLIM","url":"https:\/\/prolim.mx\/index.php\/author\/carlossoto\/"},"comments_num_v2":"0 comentarios","_links":{"self":[{"href":"https:\/\/prolim.mx\/index.php\/wp-json\/wp\/v2\/posts\/6004","targetHints":{"allow":["GET"]}}],"collection":[{"href":"https:\/\/prolim.mx\/index.php\/wp-json\/wp\/v2\/posts"}],"about":[{"href":"https:\/\/prolim.mx\/index.php\/wp-json\/wp\/v2\/types\/post"}],"author":[{"embeddable":true,"href":"https:\/\/prolim.mx\/index.php\/wp-json\/wp\/v2\/users\/6"}],"replies":[{"embeddable":true,"href":"https:\/\/prolim.mx\/index.php\/wp-json\/wp\/v2\/comments?post=6004"}],"version-history":[{"count":1,"href":"https:\/\/prolim.mx\/index.php\/wp-json\/wp\/v2\/posts\/6004\/revisions"}],"predecessor-version":[{"id":6007,"href":"https:\/\/prolim.mx\/index.php\/wp-json\/wp\/v2\/posts\/6004\/revisions\/6007"}],"wp:featuredmedia":[{"embeddable":true,"href":"https:\/\/prolim.mx\/index.php\/wp-json\/wp\/v2\/media\/6006"}],"wp:attachment":[{"href":"https:\/\/prolim.mx\/index.php\/wp-json\/wp\/v2\/media?parent=6004"}],"wp:term":[{"taxonomy":"category","embeddable":true,"href":"https:\/\/prolim.mx\/index.php\/wp-json\/wp\/v2\/categories?post=6004"},{"taxonomy":"post_tag","embeddable":true,"href":"https:\/\/prolim.mx\/index.php\/wp-json\/wp\/v2\/tags?post=6004"}],"curies":[{"name":"wp","href":"https:\/\/api.w.org\/{rel}","templated":true}]}}