{"id":5962,"date":"2020-07-30T01:29:42","date_gmt":"2020-07-30T01:29:42","guid":{"rendered":"http:\/\/prolim.mx\/?p=5962"},"modified":"2020-07-30T01:36:04","modified_gmt":"2020-07-30T01:36:04","slug":"webinar-prolim-la-importancia-de-los-protocolos-de-prevencion-de-contagios-en-los-condominios-y-edificios-ante-el-covid-19-lic-pablo-briseno","status":"publish","type":"post","link":"https:\/\/prolim.mx\/index.php\/2020\/07\/30\/webinar-prolim-la-importancia-de-los-protocolos-de-prevencion-de-contagios-en-los-condominios-y-edificios-ante-el-covid-19-lic-pablo-briseno\/","title":{"rendered":"Webinar PROLIM: La importancia de los Protocolos de Prevenci\u00f3n de contagios en los Condominios y Edificios ante el COVID-19. Lic. Pablo Brise\u00f1o."},"content":{"rendered":"<h2>A continuaci\u00f3n les compartimos el Webinar PROLIM: Protocolos de Prevenci\u00f3n de contagios en Condominios y Edificios impartida por el Lic. Pablo Brise\u00f1o, como parte del Ciclo de Pl\u00e1ticas en Apoyo a la Comunidad ante la Epidemia de COVID-19:<\/h2>\n<p><iframe loading=\"lazy\" title=\"Pablo Brise\u00f1o - La importancia de los protocolos de prevenci\u00f3n de contagios en los condominios\" width=\"1290\" height=\"726\" src=\"https:\/\/www.youtube.com\/embed\/dUEhCi85lls?feature=oembed\" frameborder=\"0\" allow=\"accelerometer; autoplay; clipboard-write; encrypted-media; gyroscope; picture-in-picture\" allowfullscreen><\/iframe><\/p>\n","protected":false},"excerpt":{"rendered":"<p>A continuaci\u00f3n les compartimos el Webinar PROLIM: Protocolos de Prevenci\u00f3n de contagios en Condominios y Edificios impartida por el Lic. Pablo Brise\u00f1o, como parte del Ciclo de Pl\u00e1ticas en Apoyo a la Comunidad ante la Epidemia de COVID-19:<\/p>\n","protected":false},"author":6,"featured_media":5965,"comment_status":"open","ping_status":"closed","sticky":false,"template":"","format":"standard","meta":{"_joinchat":[],"footnotes":""},"categories":[1],"tags":[],"class_list":["post-5962","post","type-post","status-publish","format-standard","has-post-thumbnail","hentry","category-uncategorized"],"blocksy_meta":{"styles_descriptor":{"styles":{"desktop":"","tablet":"","mobile":""},"google_fonts":[],"version":6}},"featured_image_urls_v2":{"full":["https:\/\/prolim.mx\/wp-content\/uploads\/2020\/07\/PabloBrise\u00f1o-1.jpg",1920,1080,false],"thumbnail":["https:\/\/prolim.mx\/wp-content\/uploads\/2020\/07\/PabloBrise\u00f1o-1-150x150.jpg",150,150,true],"medium":["https:\/\/prolim.mx\/wp-content\/uploads\/2020\/07\/PabloBrise\u00f1o-1-480x270.jpg",480,270,true],"medium_large":["https:\/\/prolim.mx\/wp-content\/uploads\/2020\/07\/PabloBrise\u00f1o-1-768x432.jpg",768,432,true],"large":["https:\/\/prolim.mx\/wp-content\/uploads\/2020\/07\/PabloBrise\u00f1o-1-1200x675.jpg",1200,675,true],"1536x1536":["https:\/\/prolim.mx\/wp-content\/uploads\/2020\/07\/PabloBrise\u00f1o-1.jpg",1536,864,false],"2048x2048":["https:\/\/prolim.mx\/wp-content\/uploads\/2020\/07\/PabloBrise\u00f1o-1.jpg",1920,1080,false],"smart-post-landscape":["https:\/\/prolim.mx\/wp-content\/uploads\/2020\/07\/PabloBrise\u00f1o-1.jpg",870,489,false],"smart-post-portrait":["https:\/\/prolim.mx\/wp-content\/uploads\/2020\/07\/PabloBrise\u00f1o-1.jpg",600,338,false]},"post_excerpt_stackable_v2":"<p>A continuaci\u00f3n les compartimos el Webinar PROLIM: Protocolos de Prevenci\u00f3n de contagios en Condominios y Edificios impartida por el Lic. Pablo Brise\u00f1o, como parte del Ciclo de Pl\u00e1ticas en Apoyo a la Comunidad ante la Epidemia de COVID-19:<\/p>\n","category_list_v2":"<a href=\"https:\/\/prolim.mx\/index.php\/category\/uncategorized\/\" rel=\"category tag\">Desarrollo Humano<\/a>","author_info_v2":{"name":"PROLIM","url":"https:\/\/prolim.mx\/index.php\/author\/carlossoto\/"},"comments_num_v2":"0 comentarios","_links":{"self":[{"href":"https:\/\/prolim.mx\/index.php\/wp-json\/wp\/v2\/posts\/5962","targetHints":{"allow":["GET"]}}],"collection":[{"href":"https:\/\/prolim.mx\/index.php\/wp-json\/wp\/v2\/posts"}],"about":[{"href":"https:\/\/prolim.mx\/index.php\/wp-json\/wp\/v2\/types\/post"}],"author":[{"embeddable":true,"href":"https:\/\/prolim.mx\/index.php\/wp-json\/wp\/v2\/users\/6"}],"replies":[{"embeddable":true,"href":"https:\/\/prolim.mx\/index.php\/wp-json\/wp\/v2\/comments?post=5962"}],"version-history":[{"count":3,"href":"https:\/\/prolim.mx\/index.php\/wp-json\/wp\/v2\/posts\/5962\/revisions"}],"predecessor-version":[{"id":5972,"href":"https:\/\/prolim.mx\/index.php\/wp-json\/wp\/v2\/posts\/5962\/revisions\/5972"}],"wp:featuredmedia":[{"embeddable":true,"href":"https:\/\/prolim.mx\/index.php\/wp-json\/wp\/v2\/media\/5965"}],"wp:attachment":[{"href":"https:\/\/prolim.mx\/index.php\/wp-json\/wp\/v2\/media?parent=5962"}],"wp:term":[{"taxonomy":"category","embeddable":true,"href":"https:\/\/prolim.mx\/index.php\/wp-json\/wp\/v2\/categories?post=5962"},{"taxonomy":"post_tag","embeddable":true,"href":"https:\/\/prolim.mx\/index.php\/wp-json\/wp\/v2\/tags?post=5962"}],"curies":[{"name":"wp","href":"https:\/\/api.w.org\/{rel}","templated":true}]}}