{"id":5937,"date":"2020-07-30T00:38:59","date_gmt":"2020-07-30T00:38:59","guid":{"rendered":"http:\/\/prolim.mx\/?p=5937"},"modified":"2020-07-30T00:39:00","modified_gmt":"2020-07-30T00:39:00","slug":"webinar-prolim-metodos-preventivos-aplicados-al-world-trade-center-ing-fernando-aviles","status":"publish","type":"post","link":"https:\/\/prolim.mx\/index.php\/2020\/07\/30\/webinar-prolim-metodos-preventivos-aplicados-al-world-trade-center-ing-fernando-aviles\/","title":{"rendered":"Webinar PROLIM: M\u00e9todos Preventivos Aplicados al World Trade Center. Ing. Fernando Avil\u00e9s."},"content":{"rendered":"<p><img loading=\"lazy\" decoding=\"async\" class=\"alignnone size-medium wp-image-4946\" src=\"https:\/\/dev.prolim.mx\/wp-content\/uploads\/2019\/03\/Contacto-480x148.jpg\" alt=\"\" width=\"480\" height=\"148\" srcset=\"https:\/\/prolim.mx\/wp-content\/uploads\/2019\/03\/Contacto-480x148.jpg 480w, https:\/\/prolim.mx\/wp-content\/uploads\/2019\/03\/Contacto.jpg 589w\" sizes=\"auto, (max-width: 480px) 100vw, 480px\" \/><\/p>\n<h2>A continuaci\u00f3n les compartimos el Webinar PROLIM: M\u00e9todos Preventivos Aplicados al World Trade Center. Ing. Fernando Avil\u00e9s como parte del Ciclo de Pl\u00e1ticas en Apoyo a la Comunidad ante la Epidemia de COVID-19:<\/h2>\n<p><iframe loading=\"lazy\" title=\"Fernando Aviles - M\u00e9todos Preventivos Aplicados  al WTC para el cuidado de los usuarios, clientes y\" width=\"1290\" height=\"726\" src=\"https:\/\/www.youtube.com\/embed\/GrHAht2xNeo?feature=oembed\" frameborder=\"0\" allow=\"accelerometer; autoplay; clipboard-write; encrypted-media; gyroscope; picture-in-picture\" allowfullscreen><\/iframe><\/p>\n<p><img loading=\"lazy\" decoding=\"async\" class=\"alignnone size-medium wp-image-4888\" src=\"https:\/\/dev.prolim.mx\/wp-content\/uploads\/2019\/02\/logoProlim-1-2-480x257.png\" alt=\"\" width=\"480\" height=\"257\" srcset=\"https:\/\/prolim.mx\/wp-content\/uploads\/2019\/02\/logoProlim-1-2-480x257.png 480w, https:\/\/prolim.mx\/wp-content\/uploads\/2019\/02\/logoProlim-1-2.png 512w\" sizes=\"auto, (max-width: 480px) 100vw, 480px\" \/><\/p>\n","protected":false},"excerpt":{"rendered":"<p>A continuaci\u00f3n les compartimos el Webinar PROLIM: M\u00e9todos Preventivos Aplicados al World Trade Center. Ing. Fernando Avil\u00e9s como parte del Ciclo de Pl\u00e1ticas en Apoyo a la Comunidad ante la Epidemia de COVID-19:<\/p>\n","protected":false},"author":6,"featured_media":5939,"comment_status":"open","ping_status":"closed","sticky":false,"template":"","format":"standard","meta":{"_joinchat":[],"footnotes":""},"categories":[50,43,15],"tags":[],"class_list":["post-5937","post","type-post","status-publish","format-standard","has-post-thumbnail","hentry","category-capacitacion","category-recursos-humanos","category-videos"],"blocksy_meta":{"styles_descriptor":{"styles":{"desktop":"","tablet":"","mobile":""},"google_fonts":[],"version":6}},"featured_image_urls_v2":{"full":["https:\/\/prolim.mx\/wp-content\/uploads\/2020\/07\/wEBINARfERaVILES.jpg",1920,1080,false],"thumbnail":["https:\/\/prolim.mx\/wp-content\/uploads\/2020\/07\/wEBINARfERaVILES-150x150.jpg",150,150,true],"medium":["https:\/\/prolim.mx\/wp-content\/uploads\/2020\/07\/wEBINARfERaVILES-480x270.jpg",480,270,true],"medium_large":["https:\/\/prolim.mx\/wp-content\/uploads\/2020\/07\/wEBINARfERaVILES-768x432.jpg",768,432,true],"large":["https:\/\/prolim.mx\/wp-content\/uploads\/2020\/07\/wEBINARfERaVILES-1200x675.jpg",1200,675,true],"1536x1536":["https:\/\/prolim.mx\/wp-content\/uploads\/2020\/07\/wEBINARfERaVILES.jpg",1536,864,false],"2048x2048":["https:\/\/prolim.mx\/wp-content\/uploads\/2020\/07\/wEBINARfERaVILES.jpg",1920,1080,false],"smart-post-landscape":["https:\/\/prolim.mx\/wp-content\/uploads\/2020\/07\/wEBINARfERaVILES.jpg",870,489,false],"smart-post-portrait":["https:\/\/prolim.mx\/wp-content\/uploads\/2020\/07\/wEBINARfERaVILES.jpg",600,338,false]},"post_excerpt_stackable_v2":"<p>A continuaci\u00f3n les compartimos el Webinar PROLIM: M\u00e9todos Preventivos Aplicados al World Trade Center. Ing. Fernando Avil\u00e9s como parte del Ciclo de Pl\u00e1ticas en Apoyo a la Comunidad ante la Epidemia de COVID-19:<\/p>\n","category_list_v2":"<a href=\"https:\/\/prolim.mx\/index.php\/category\/capacitacion\/\" rel=\"category tag\">Capacitaci\u00f3n<\/a>, <a href=\"https:\/\/prolim.mx\/index.php\/category\/recursos-humanos\/\" rel=\"category tag\">Recursos Humanos<\/a>, <a href=\"https:\/\/prolim.mx\/index.php\/category\/videos\/\" rel=\"category tag\">Videos<\/a>","author_info_v2":{"name":"PROLIM","url":"https:\/\/prolim.mx\/index.php\/author\/carlossoto\/"},"comments_num_v2":"0 comentarios","_links":{"self":[{"href":"https:\/\/prolim.mx\/index.php\/wp-json\/wp\/v2\/posts\/5937","targetHints":{"allow":["GET"]}}],"collection":[{"href":"https:\/\/prolim.mx\/index.php\/wp-json\/wp\/v2\/posts"}],"about":[{"href":"https:\/\/prolim.mx\/index.php\/wp-json\/wp\/v2\/types\/post"}],"author":[{"embeddable":true,"href":"https:\/\/prolim.mx\/index.php\/wp-json\/wp\/v2\/users\/6"}],"replies":[{"embeddable":true,"href":"https:\/\/prolim.mx\/index.php\/wp-json\/wp\/v2\/comments?post=5937"}],"version-history":[{"count":1,"href":"https:\/\/prolim.mx\/index.php\/wp-json\/wp\/v2\/posts\/5937\/revisions"}],"predecessor-version":[{"id":5940,"href":"https:\/\/prolim.mx\/index.php\/wp-json\/wp\/v2\/posts\/5937\/revisions\/5940"}],"wp:featuredmedia":[{"embeddable":true,"href":"https:\/\/prolim.mx\/index.php\/wp-json\/wp\/v2\/media\/5939"}],"wp:attachment":[{"href":"https:\/\/prolim.mx\/index.php\/wp-json\/wp\/v2\/media?parent=5937"}],"wp:term":[{"taxonomy":"category","embeddable":true,"href":"https:\/\/prolim.mx\/index.php\/wp-json\/wp\/v2\/categories?post=5937"},{"taxonomy":"post_tag","embeddable":true,"href":"https:\/\/prolim.mx\/index.php\/wp-json\/wp\/v2\/tags?post=5937"}],"curies":[{"name":"wp","href":"https:\/\/api.w.org\/{rel}","templated":true}]}}