{"id":5427,"date":"2020-04-27T22:04:50","date_gmt":"2020-04-27T22:04:50","guid":{"rendered":"http:\/\/prolim.mx\/?p=5427"},"modified":"2020-04-29T01:23:40","modified_gmt":"2020-04-29T01:23:40","slug":"covid-19-reconocimiento-para-nuestros-clientes-proveedores-colaboradores-y-sociedad-mexicana","status":"publish","type":"post","link":"https:\/\/prolim.mx\/index.php\/2020\/04\/27\/covid-19-reconocimiento-para-nuestros-clientes-proveedores-colaboradores-y-sociedad-mexicana\/","title":{"rendered":"COVID-19: Reconocimiento para nuestros Clientes, Proveedores, Colaboradores y Sociedad Mexicana."},"content":{"rendered":"<p><img loading=\"lazy\" decoding=\"async\" class=\"alignnone size-medium wp-image-4946\" src=\"https:\/\/dev.prolim.mx\/wp-content\/uploads\/2019\/03\/Contacto-480x148.jpg\" alt=\"\" width=\"480\" height=\"148\" srcset=\"https:\/\/prolim.mx\/wp-content\/uploads\/2019\/03\/Contacto-480x148.jpg 480w, https:\/\/prolim.mx\/wp-content\/uploads\/2019\/03\/Contacto.jpg 589w\" sizes=\"auto, (max-width: 480px) 100vw, 480px\" \/><\/p>\n<p style=\"text-align: left;\">Ciudad de M\u00e9xico, 27 de marzo, 2020.<\/p>\n<p><strong>A nuestros Clientes, Proveedores, Colaboradores y Sociedad mexicana:<\/strong><\/p>\n<p>Como empresa especializada en <em><strong>higiene, desinfecci\u00f3n y limpieza de todo tipo de espacios<\/strong><\/em>, es nuestro deber mantener informada y actualizada a nuestra comunidad sobre c\u00f3mo estamos trabajando, como actividad esencial, para combatir la emergencia sanitaria por la que transitamos, adem\u00e1s de compartirles nuestra posici\u00f3n de liderazgo en la industria de limpieza y desinfecci\u00f3n de nuestro pa\u00eds.<\/p>\n<p><img loading=\"lazy\" decoding=\"async\" class=\"alignnone size-full wp-image-4918\" src=\"https:\/\/dev.prolim.mx\/wp-content\/uploads\/2019\/02\/ISO3.jpg\" alt=\"\" width=\"441\" height=\"330\" srcset=\"https:\/\/prolim.mx\/wp-content\/uploads\/2019\/02\/ISO3.jpg 441w, https:\/\/prolim.mx\/wp-content\/uploads\/2019\/02\/ISO3-361x270.jpg 361w\" sizes=\"auto, (max-width: 441px) 100vw, 441px\" \/><\/p>\n<p>A lo largo de las fases de la <em><strong>emergencia sanitaria<\/strong><\/em>, hemos proporcionado en todas las instalaciones, al <em><strong>personal capacitado, debidamente uniformado y con excelente actitud de servicio<\/strong><\/em>, personal de quienes nos sentimos profundamente agradecidos, ya que, a pesar de los tiempos dif\u00edciles, asisten incansablemente a las instalaciones para realizar sus actividades. Estas acciones son de esencial vitalidad y de la mayor importancia para <em><strong>prevenir contagios y asegurar que nuestras instalaciones gocen de desinfecci\u00f3n y total higiene.<\/strong> <\/em><\/p>\n<p><img loading=\"lazy\" decoding=\"async\" class=\"alignnone size-medium wp-image-4854\" src=\"https:\/\/dev.prolim.mx\/wp-content\/uploads\/2019\/02\/1c6202d7-d8de-4682-b0fa-759ccdf6c6e7-480x360.jpg\" alt=\"\" width=\"480\" height=\"360\" srcset=\"https:\/\/prolim.mx\/wp-content\/uploads\/2019\/02\/1c6202d7-d8de-4682-b0fa-759ccdf6c6e7-480x360.jpg 480w, https:\/\/prolim.mx\/wp-content\/uploads\/2019\/02\/1c6202d7-d8de-4682-b0fa-759ccdf6c6e7-768x576.jpg 768w, https:\/\/prolim.mx\/wp-content\/uploads\/2019\/02\/1c6202d7-d8de-4682-b0fa-759ccdf6c6e7-360x270.jpg 360w, https:\/\/prolim.mx\/wp-content\/uploads\/2019\/02\/1c6202d7-d8de-4682-b0fa-759ccdf6c6e7-780x585.jpg 780w, https:\/\/prolim.mx\/wp-content\/uploads\/2019\/02\/1c6202d7-d8de-4682-b0fa-759ccdf6c6e7-585x439.jpg 585w, https:\/\/prolim.mx\/wp-content\/uploads\/2019\/02\/1c6202d7-d8de-4682-b0fa-759ccdf6c6e7-900x675.jpg 900w, https:\/\/prolim.mx\/wp-content\/uploads\/2019\/02\/1c6202d7-d8de-4682-b0fa-759ccdf6c6e7-880x660.jpg 880w, https:\/\/prolim.mx\/wp-content\/uploads\/2019\/02\/1c6202d7-d8de-4682-b0fa-759ccdf6c6e7.jpg 1040w\" sizes=\"auto, (max-width: 480px) 100vw, 480px\" \/><\/p>\n<p>Hoy, en sus instalaciones, se encuentran los <em><strong>h\u00e9roes y las hero\u00ednas que con sus acciones de limpieza y desinfecci\u00f3n<\/strong><\/em>, est\u00e1n ayud\u00e1ndonos como sociedad para salir adelante de la situaci\u00f3n actual. A ellas y ellos, nuestro mayor aprecio y reconocimiento, hoy m\u00e1s que nunca, requieren del apoyo mutuo: clientes, proveedores, familias y comunidad, para reforzar su presencia en las instalaciones.<\/p>\n<p><img loading=\"lazy\" decoding=\"async\" class=\"alignnone size-medium wp-image-4851\" src=\"https:\/\/dev.prolim.mx\/wp-content\/uploads\/2019\/02\/DSC_0003-480x270.jpg\" alt=\"\" width=\"480\" height=\"270\" srcset=\"https:\/\/prolim.mx\/wp-content\/uploads\/2019\/02\/DSC_0003-480x270.jpg 480w, https:\/\/prolim.mx\/wp-content\/uploads\/2019\/02\/DSC_0003-768x432.jpg 768w, https:\/\/prolim.mx\/wp-content\/uploads\/2019\/02\/DSC_0003-1200x675.jpg 1200w, https:\/\/prolim.mx\/wp-content\/uploads\/2019\/02\/DSC_0003-780x439.jpg 780w, https:\/\/prolim.mx\/wp-content\/uploads\/2019\/02\/DSC_0003-880x495.jpg 880w\" sizes=\"auto, (max-width: 480px) 100vw, 480px\" \/><\/p>\n<p>Como bien saben, somos una <em><strong>empresa socialmente responsable y orientada a nuestros colaboradores<\/strong><\/em>, quienes, hoy m\u00e1s que nunca, necesitan de nosotros, de nuestra alianza y reforzamiento de la cadena productiva para conservar las fuentes de empleo y el sustento para las familias mexicanas. La labor que nos corresponde a todos, tiene una trascendencia vital para que nuestra sociedad contin\u00fae movi\u00e9ndose de manera productiva, evitando la p\u00e9rdida de empleos que tanto da\u00f1o le har\u00eda a la econom\u00eda mexicana. Es por ello, que les invitamos a que nos sumemos mediante la cooperaci\u00f3n y coordinaci\u00f3n constante en defensa del empleo, ya que esto es esencial para mitigar los efectos econ\u00f3micos de esta pandemia. Las acciones que hemos emprendido en Grupo PROLIM desde hace semanas, est\u00e1n apoyando a mitigar los contagios, mantener los espacios libres de infecciones ya que, nuestro personal, brinda la <em><strong>primera respuesta esencial<\/strong><\/em> de alta necesidad de <em><strong>higiene y desinfecci\u00f3n<\/strong><\/em>.<\/p>\n<p><img loading=\"lazy\" decoding=\"async\" class=\"alignnone size-medium wp-image-4828\" src=\"https:\/\/dev.prolim.mx\/wp-content\/uploads\/2019\/02\/5-5-480x289.jpg\" alt=\"\" width=\"480\" height=\"289\" srcset=\"https:\/\/prolim.mx\/wp-content\/uploads\/2019\/02\/5-5-480x289.jpg 480w, https:\/\/prolim.mx\/wp-content\/uploads\/2019\/02\/5-5-768x462.jpg 768w, https:\/\/prolim.mx\/wp-content\/uploads\/2019\/02\/5-5-449x270.jpg 449w, https:\/\/prolim.mx\/wp-content\/uploads\/2019\/02\/5-5-780x469.jpg 780w, https:\/\/prolim.mx\/wp-content\/uploads\/2019\/02\/5-5-730x439.jpg 730w, https:\/\/prolim.mx\/wp-content\/uploads\/2019\/02\/5-5-880x529.jpg 880w, https:\/\/prolim.mx\/wp-content\/uploads\/2019\/02\/5-5.jpg 983w\" sizes=\"auto, (max-width: 480px) 100vw, 480px\" \/><\/p>\n<p>Nuestro personal es pieza clave para aplanar la curva de contagio y, su intervenci\u00f3n, es necesaria en sus instalaciones. Aunado a estas acciones, Grupo PROLIM, est\u00e1 liderando <em><strong>el suministro de informaci\u00f3n y herramientas f\u00edsicas y virtuales<\/strong><\/em> para ayudar a nuestros clientes, proveedores y comunidad en general a responder a la pandemia. S\u00f3lo a trav\u00e9s de unirnos como sociedad en todos los frentes, lograremos disminuir el impacto de salud, econ\u00f3mico y social de esta pandemia mundial.<\/p>\n<p><img loading=\"lazy\" decoding=\"async\" class=\"alignnone size-medium wp-image-4824\" src=\"https:\/\/dev.prolim.mx\/wp-content\/uploads\/2019\/02\/1-4-480x194.jpg\" alt=\"\" width=\"480\" height=\"194\" srcset=\"https:\/\/prolim.mx\/wp-content\/uploads\/2019\/02\/1-4-480x194.jpg 480w, https:\/\/prolim.mx\/wp-content\/uploads\/2019\/02\/1-4-768x310.jpg 768w, https:\/\/prolim.mx\/wp-content\/uploads\/2019\/02\/1-4-780x315.jpg 780w, https:\/\/prolim.mx\/wp-content\/uploads\/2019\/02\/1-4-880x355.jpg 880w, https:\/\/prolim.mx\/wp-content\/uploads\/2019\/02\/1-4.jpg 1054w\" sizes=\"auto, (max-width: 480px) 100vw, 480px\" \/><\/p>\n<p>Recomendamos visite nuestra p\u00e1gina web en la secci\u00f3n de <em><strong>Noticias PROLIM<\/strong> <\/em>donde encontrar\u00e1 m\u00e1s informaci\u00f3n valiosa en este sentido. Tambi\u00e9n ponemos a su disposici\u00f3n las siguientes ligas web donde compartimos con ustedes las medidas de prevenci\u00f3n y control para prevenir el contagio del <em><strong>COVID \u2013 19<\/strong><\/em> as\u00ed como orientaci\u00f3n, noticias, seminarios web y manuales de consejos pr\u00e1cticos sobre este tema:<\/p>\n<p><em><strong>Consejos de prevenci\u00f3n y medidas de limpieza:<\/strong><\/em><\/p>\n<p>International Sanitary Supply Association, Latino Am\u00e9rica: https:\/\/latam.issa.com\/<\/p>\n<p>The Association of Residential Cleaning Professionals: https:\/\/arcsi.org\/<\/p>\n<p>Revista Internacional Cleaning Business Today: https:\/\/cleaningbusinesstoday.com\/<\/p>\n<p>Universidad Nacional Aut\u00f3noma de M\u00e9xico UNAM: http:\/\/www.unamglobal.unam.mx\/<\/p>\n<p>Medidas del Gobierno de la Rep\u00fablica Mexicana en Fase 3 de emergencia sanitaria:\u00a0 https:\/\/coronavirus.gob.mx\/<\/p>\n<p><img loading=\"lazy\" decoding=\"async\" class=\"alignnone size-medium wp-image-4786\" src=\"https:\/\/dev.prolim.mx\/wp-content\/uploads\/2019\/02\/3-480x373.png\" alt=\"\" width=\"480\" height=\"373\" srcset=\"https:\/\/prolim.mx\/wp-content\/uploads\/2019\/02\/3-480x373.png 480w, https:\/\/prolim.mx\/wp-content\/uploads\/2019\/02\/3-347x270.png 347w, https:\/\/prolim.mx\/wp-content\/uploads\/2019\/02\/3-564x439.png 564w, https:\/\/prolim.mx\/wp-content\/uploads\/2019\/02\/3.png 662w\" sizes=\"auto, (max-width: 480px) 100vw, 480px\" \/><\/p>\n<p>En nombre de nuestro Comit\u00e9 de Calidad y de nuestra Direcci\u00f3n General, agradecemos su liderazgo, apoyo y colaboraci\u00f3n sensible y emp\u00e1tica en estos tiempos donde todos necesitamos mantenernos colaborativos en beneficio de la econom\u00eda y de nuestra sociedad. Tenga en cuenta que estamos aqu\u00ed para apoyar en la disminuci\u00f3n del impacto de la pandemia y les recomendamos se comunique con nosotros para obtener ayuda a trav\u00e9s de nuestros canales virtuales de apoyo y orientaci\u00f3n. Juntos, realmente estamos cambiando la forma en que el mundo percibe y valora la limpieza, tiempos actuales en que la limpieza es m\u00e1s necesaria que nunca.<\/p>\n<p>Sinceramente,<\/p>\n<p><img loading=\"lazy\" decoding=\"async\" class=\"alignnone size-medium wp-image-4917\" src=\"https:\/\/dev.prolim.mx\/wp-content\/uploads\/2019\/02\/logoProlim-1-3-480x257.png\" alt=\"\" width=\"480\" height=\"257\" srcset=\"https:\/\/prolim.mx\/wp-content\/uploads\/2019\/02\/logoProlim-1-3-480x257.png 480w, https:\/\/prolim.mx\/wp-content\/uploads\/2019\/02\/logoProlim-1-3.png 512w\" sizes=\"auto, (max-width: 480px) 100vw, 480px\" \/><\/p>\n","protected":false},"excerpt":{"rendered":"<p>Ciudad de M\u00e9xico, 27 de marzo, 2020. A nuestros Clientes, Proveedores, Colaboradores y Sociedad mexicana: Como empresa especializada en higiene, desinfecci\u00f3n y limpieza de todo tipo de espacios, es nuestro deber mantener informada y actualizada a nuestra comunidad sobre c\u00f3mo estamos trabajando, como actividad esencial, para combatir la emergencia sanitaria por la que transitamos, adem\u00e1s [&hellip;]<\/p>\n","protected":false},"author":6,"featured_media":5179,"comment_status":"open","ping_status":"closed","sticky":false,"template":"","format":"standard","meta":{"_joinchat":[],"footnotes":""},"categories":[41],"tags":[],"class_list":["post-5427","post","type-post","status-publish","format-standard","has-post-thumbnail","hentry","category-reconocimiento"],"blocksy_meta":{"styles_descriptor":{"styles":{"desktop":"","tablet":"","mobile":""},"google_fonts":[],"version":6}},"featured_image_urls_v2":{"full":["https:\/\/prolim.mx\/wp-content\/uploads\/2019\/10\/15.jpg",713,455,false],"thumbnail":["https:\/\/prolim.mx\/wp-content\/uploads\/2019\/10\/15-150x150.jpg",150,150,true],"medium":["https:\/\/prolim.mx\/wp-content\/uploads\/2019\/10\/15-480x306.jpg",480,306,true],"medium_large":["https:\/\/prolim.mx\/wp-content\/uploads\/2019\/10\/15.jpg",713,455,false],"large":["https:\/\/prolim.mx\/wp-content\/uploads\/2019\/10\/15.jpg",713,455,false],"1536x1536":["https:\/\/prolim.mx\/wp-content\/uploads\/2019\/10\/15.jpg",713,455,false],"2048x2048":["https:\/\/prolim.mx\/wp-content\/uploads\/2019\/10\/15.jpg",713,455,false],"smart-post-landscape":["https:\/\/prolim.mx\/wp-content\/uploads\/2019\/10\/15.jpg",713,455,false],"smart-post-portrait":["https:\/\/prolim.mx\/wp-content\/uploads\/2019\/10\/15.jpg",600,383,false]},"post_excerpt_stackable_v2":"<p>Ciudad de M\u00e9xico, 27 de marzo, 2020. A nuestros Clientes, Proveedores, Colaboradores y Sociedad mexicana: Como empresa especializada en higiene, desinfecci\u00f3n y limpieza de todo tipo de espacios, es nuestro deber mantener informada y actualizada a nuestra comunidad sobre c\u00f3mo estamos trabajando, como actividad esencial, para combatir la emergencia sanitaria por la que transitamos, adem\u00e1s de compartirles nuestra posici\u00f3n de liderazgo en la industria de limpieza y desinfecci\u00f3n de nuestro pa\u00eds. A lo largo de las fases de la emergencia sanitaria, hemos proporcionado en todas las instalaciones, al personal capacitado, debidamente uniformado y con excelente actitud de servicio, personal de&hellip;<\/p>\n","category_list_v2":"<a href=\"https:\/\/prolim.mx\/index.php\/category\/reconocimiento\/\" rel=\"category tag\">Reconocimiento<\/a>","author_info_v2":{"name":"PROLIM","url":"https:\/\/prolim.mx\/index.php\/author\/carlossoto\/"},"comments_num_v2":"0 comentarios","_links":{"self":[{"href":"https:\/\/prolim.mx\/index.php\/wp-json\/wp\/v2\/posts\/5427","targetHints":{"allow":["GET"]}}],"collection":[{"href":"https:\/\/prolim.mx\/index.php\/wp-json\/wp\/v2\/posts"}],"about":[{"href":"https:\/\/prolim.mx\/index.php\/wp-json\/wp\/v2\/types\/post"}],"author":[{"embeddable":true,"href":"https:\/\/prolim.mx\/index.php\/wp-json\/wp\/v2\/users\/6"}],"replies":[{"embeddable":true,"href":"https:\/\/prolim.mx\/index.php\/wp-json\/wp\/v2\/comments?post=5427"}],"version-history":[{"count":1,"href":"https:\/\/prolim.mx\/index.php\/wp-json\/wp\/v2\/posts\/5427\/revisions"}],"predecessor-version":[{"id":5429,"href":"https:\/\/prolim.mx\/index.php\/wp-json\/wp\/v2\/posts\/5427\/revisions\/5429"}],"wp:featuredmedia":[{"embeddable":true,"href":"https:\/\/prolim.mx\/index.php\/wp-json\/wp\/v2\/media\/5179"}],"wp:attachment":[{"href":"https:\/\/prolim.mx\/index.php\/wp-json\/wp\/v2\/media?parent=5427"}],"wp:term":[{"taxonomy":"category","embeddable":true,"href":"https:\/\/prolim.mx\/index.php\/wp-json\/wp\/v2\/categories?post=5427"},{"taxonomy":"post_tag","embeddable":true,"href":"https:\/\/prolim.mx\/index.php\/wp-json\/wp\/v2\/tags?post=5427"}],"curies":[{"name":"wp","href":"https:\/\/api.w.org\/{rel}","templated":true}]}}