{"id":5414,"date":"2020-04-27T21:30:52","date_gmt":"2020-04-27T21:30:52","guid":{"rendered":"http:\/\/prolim.mx\/?p=5414"},"modified":"2020-05-05T18:38:11","modified_gmt":"2020-05-05T18:38:11","slug":"responsabilidad-social-acciones-de-prevencion-de-contagio-en-nuestras-instalaciones-y-centros-de-trabajo-para-nuestros-colaboradores","status":"publish","type":"post","link":"https:\/\/prolim.mx\/index.php\/2020\/04\/27\/responsabilidad-social-acciones-de-prevencion-de-contagio-en-nuestras-instalaciones-y-centros-de-trabajo-para-nuestros-colaboradores\/","title":{"rendered":"Responsabilidad Social: Acciones de Prevenci\u00f3n de Contagio en nuestras instalaciones y Centros de Trabajo para nuestros colaboradores."},"content":{"rendered":"<h2><img loading=\"lazy\" decoding=\"async\" class=\"alignnone size-medium wp-image-4946\" src=\"https:\/\/dev.prolim.mx\/wp-content\/uploads\/2019\/03\/Contacto-480x148.jpg\" alt=\"\" width=\"480\" height=\"148\" srcset=\"https:\/\/prolim.mx\/wp-content\/uploads\/2019\/03\/Contacto-480x148.jpg 480w, https:\/\/prolim.mx\/wp-content\/uploads\/2019\/03\/Contacto.jpg 589w\" sizes=\"auto, (max-width: 480px) 100vw, 480px\" \/><\/h2>\n<h2><em><strong>Responsabilidad Social &#8211; Comit\u00e9 Estrat\u00e9gico Prolim COVID &#8211; 19: Acciones de Prevenci\u00f3n en contra del Contagio en nuestras instalaciones y Centros de Trabajo para nuestros colaboradores.<\/strong><\/em><\/h2>\n<h2><em><strong><img loading=\"lazy\" decoding=\"async\" class=\"alignnone size-medium wp-image-5556\" src=\"https:\/\/dev.prolim.mx\/wp-content\/uploads\/2020\/05\/40-480x360.jpg\" alt=\"\" width=\"480\" height=\"360\" srcset=\"https:\/\/prolim.mx\/wp-content\/uploads\/2020\/05\/40-480x360.jpg 480w, https:\/\/prolim.mx\/wp-content\/uploads\/2020\/05\/40-768x576.jpg 768w, https:\/\/prolim.mx\/wp-content\/uploads\/2020\/05\/40-360x270.jpg 360w, https:\/\/prolim.mx\/wp-content\/uploads\/2020\/05\/40-780x585.jpg 780w, https:\/\/prolim.mx\/wp-content\/uploads\/2020\/05\/40-585x439.jpg 585w, https:\/\/prolim.mx\/wp-content\/uploads\/2020\/05\/40-900x675.jpg 900w, https:\/\/prolim.mx\/wp-content\/uploads\/2020\/05\/40-880x660.jpg 880w, https:\/\/prolim.mx\/wp-content\/uploads\/2020\/05\/40.jpg 1040w\" sizes=\"auto, (max-width: 480px) 100vw, 480px\" \/><\/strong><\/em><\/h2>\n<h4>A continuaci\u00f3n compartimos las acciones de alto impacto que hemos llevado a cabo desde hace semanas para revisar el <em><strong>estatus de salud y de las condiciones f\u00edsicas<\/strong><\/em> de los <em><strong>Centros de Trabajo<\/strong><\/em> a donde acuden nuestros colaboradores durante esta temporada de <em><strong>Emergencia Sanitaria<\/strong><\/em> con la intenci\u00f3n de verificar que dichos lugares, cuenten con las medidas de seguridad y prevenci\u00f3n contra el contagio de <em><strong>COVID-19<\/strong><\/em>.<\/h4>\n<h6><img loading=\"lazy\" decoding=\"async\" class=\"alignnone  wp-image-5540\" src=\"https:\/\/dev.prolim.mx\/wp-content\/uploads\/2020\/05\/24-270x480.jpg\" alt=\"\" width=\"175\" height=\"311\" srcset=\"https:\/\/prolim.mx\/wp-content\/uploads\/2020\/05\/24-270x480.jpg 270w, https:\/\/prolim.mx\/wp-content\/uploads\/2020\/05\/24-675x1200.jpg 675w, https:\/\/prolim.mx\/wp-content\/uploads\/2020\/05\/24-152x270.jpg 152w, https:\/\/prolim.mx\/wp-content\/uploads\/2020\/05\/24-439x780.jpg 439w, https:\/\/prolim.mx\/wp-content\/uploads\/2020\/05\/24-247x439.jpg 247w, https:\/\/prolim.mx\/wp-content\/uploads\/2020\/05\/24-380x675.jpg 380w, https:\/\/prolim.mx\/wp-content\/uploads\/2020\/05\/24-495x880.jpg 495w, https:\/\/prolim.mx\/wp-content\/uploads\/2020\/05\/24.jpg 720w\" sizes=\"auto, (max-width: 175px) 100vw, 175px\" \/>\u00a0\u00a0<img loading=\"lazy\" decoding=\"async\" class=\"alignnone  wp-image-5541\" src=\"https:\/\/dev.prolim.mx\/wp-content\/uploads\/2020\/05\/25-360x480.jpg\" alt=\"\" width=\"231\" height=\"308\" srcset=\"https:\/\/prolim.mx\/wp-content\/uploads\/2020\/05\/25-360x480.jpg 360w, https:\/\/prolim.mx\/wp-content\/uploads\/2020\/05\/25-768x1024.jpg 768w, https:\/\/prolim.mx\/wp-content\/uploads\/2020\/05\/25-900x1200.jpg 900w, https:\/\/prolim.mx\/wp-content\/uploads\/2020\/05\/25-203x270.jpg 203w, https:\/\/prolim.mx\/wp-content\/uploads\/2020\/05\/25-585x780.jpg 585w, https:\/\/prolim.mx\/wp-content\/uploads\/2020\/05\/25-329x439.jpg 329w, https:\/\/prolim.mx\/wp-content\/uploads\/2020\/05\/25-506x675.jpg 506w, https:\/\/prolim.mx\/wp-content\/uploads\/2020\/05\/25-660x880.jpg 660w, https:\/\/prolim.mx\/wp-content\/uploads\/2020\/05\/25.jpg 960w\" sizes=\"auto, (max-width: 231px) 100vw, 231px\" \/><\/h6>\n<ul>\n<li>Se han entregado y revisado con todo el personal administrativo y operativo, la <em><strong>informaci\u00f3n sobre medidas de prevenci\u00f3n de contagio del COVID-19<\/strong><\/em> mediante la entrega de informaci\u00f3n fundamental alineada al <em><strong>IMSS<\/strong><\/em> y la <em><strong>Secretar\u00eda de Salud<\/strong> <\/em>de nuestro pa\u00eds, adem\u00e1s de entregar informaci\u00f3n importante proporcionada por la <em><strong>Organizaci\u00f3n Mundial de la Salud<\/strong><\/em>.<\/li>\n<li>Se ha proporcionado\u00a0<b><i>Informaci\u00f3n\u00a0 Continua, Gel Desinfectante para Manos y Aspersores con Cloro<\/i><\/b>\u00a0de manera permanente en todas las \u00e1reas de las oficinas.<\/li>\n<li>Reforzamiento de frecuencias de limpieza para\u00a0<strong><em>lavado de \u00e1reas de movilidad, puertas, manijas, escritorios, sillas, tapetes, ba\u00f1os y \u00e1reas comunes con l\u00edquido desinfectante y antibacterial, adem\u00e1s de cloro.<\/em><\/strong><\/li>\n<li><em><strong>Sanitizaciones especializadas<\/strong><\/em> semanales en oficinas y centros de trabajo.<\/li>\n<li>Entrega y distribuci\u00f3n de <strong><em>guantes, tapabocas<\/em><\/strong>\u00a0<em><strong>y<\/strong> <strong>caretas protectoras\u00a0<\/strong><\/em>para todos los administrativos,\u00a0 supervisores y aseadores, con la indicaci\u00f3n de utilizarlos de manera permanente durante su estancia laboral y fuera de la misma en sus traslados:<\/li>\n<\/ul>\n<p style=\"font-weight: 400;\">La siguiente liga sirve para el adecuado uso de los tapabocas ya que son lavables y re utilizables y deben tener una duraci\u00f3n de 28 lavadas:<\/p>\n<p style=\"font-weight: 400;\"><a href=\"https:\/\/www.infobae.com\/tendencias\/2020\/04\/14\/paso-a-paso-como-utilizar-un-tapaboca-correctamente\/\" data-saferedirecturl=\"https:\/\/www.google.com\/url?q=https:\/\/www.infobae.com\/tendencias\/2020\/04\/14\/paso-a-paso-como-utilizar-un-tapaboca-correctamente\/&amp;source=gmail&amp;ust=1588106218343000&amp;usg=AFQjCNFKY98o4EikKR2dnA5ItfHMlJjOnw\">https:\/\/www.infobae.com\/tendencias\/2020\/04\/14\/paso-a-paso-como-utilizar-un-tapaboca-correctamente\/<\/a><\/p>\n<p>La siguiente liga sirve para el adecuado uso de las caretas ya que son lavables y re utilizables:<\/p>\n<p><a href=\"http:\/\/www.waterfire.es\/blog\/como-cuidar-y-limpiar-las-gafas-de-seguridad_43\">http:\/\/www.waterfire.es\/blog\/como-cuidar-y-limpiar-las-gafas-de-seguridad_43<\/a><\/p>\n<p><img loading=\"lazy\" decoding=\"async\" class=\"alignnone size-medium wp-image-5420\" src=\"https:\/\/dev.prolim.mx\/wp-content\/uploads\/2020\/04\/COVID-3-2-480x480.jpg\" alt=\"\" width=\"480\" height=\"480\" srcset=\"https:\/\/prolim.mx\/wp-content\/uploads\/2020\/04\/COVID-3-2-480x480.jpg 480w, https:\/\/prolim.mx\/wp-content\/uploads\/2020\/04\/COVID-3-2-150x150.jpg 150w, https:\/\/prolim.mx\/wp-content\/uploads\/2020\/04\/COVID-3-2-768x768.jpg 768w, https:\/\/prolim.mx\/wp-content\/uploads\/2020\/04\/COVID-3-2-1200x1200.jpg 1200w, https:\/\/prolim.mx\/wp-content\/uploads\/2020\/04\/COVID-3-2-270x270.jpg 270w, https:\/\/prolim.mx\/wp-content\/uploads\/2020\/04\/COVID-3-2-780x780.jpg 780w, https:\/\/prolim.mx\/wp-content\/uploads\/2020\/04\/COVID-3-2-439x439.jpg 439w, https:\/\/prolim.mx\/wp-content\/uploads\/2020\/04\/COVID-3-2-675x675.jpg 675w, https:\/\/prolim.mx\/wp-content\/uploads\/2020\/04\/COVID-3-2-880x880.jpg 880w, https:\/\/prolim.mx\/wp-content\/uploads\/2020\/04\/COVID-3-2-776x776.jpg 776w, https:\/\/prolim.mx\/wp-content\/uploads\/2020\/04\/COVID-3-2-388x388.jpg 388w, https:\/\/prolim.mx\/wp-content\/uploads\/2020\/04\/COVID-3-2-40x40.jpg 40w\" sizes=\"auto, (max-width: 480px) 100vw, 480px\" \/><\/p>\n<ul>\n<li>Todos los Lunes y Viernes se aplican cuestionarios de <em><strong>Seguimiento de Salud<\/strong> <\/em>y revisi\u00f3n de <em><strong>medidas preventivas<\/strong><\/em>\u00a0contra el contagio para todos los administrativos y operativos, a trav\u00e9s de llenar los formatos dise\u00f1ados especialmente para ello y el monitoreo semanal de nuestro estado de salud.<\/li>\n<\/ul>\n<p style=\"font-weight: 400;\"><strong><img loading=\"lazy\" decoding=\"async\" class=\"alignnone size-medium wp-image-5417\" src=\"https:\/\/dev.prolim.mx\/wp-content\/uploads\/2020\/04\/1-COVID-480x480.jpg\" alt=\"\" width=\"480\" height=\"480\" srcset=\"https:\/\/prolim.mx\/wp-content\/uploads\/2020\/04\/1-COVID-480x480.jpg 480w, https:\/\/prolim.mx\/wp-content\/uploads\/2020\/04\/1-COVID-150x150.jpg 150w, https:\/\/prolim.mx\/wp-content\/uploads\/2020\/04\/1-COVID-768x768.jpg 768w, https:\/\/prolim.mx\/wp-content\/uploads\/2020\/04\/1-COVID-1200x1200.jpg 1200w, https:\/\/prolim.mx\/wp-content\/uploads\/2020\/04\/1-COVID-270x270.jpg 270w, https:\/\/prolim.mx\/wp-content\/uploads\/2020\/04\/1-COVID-780x780.jpg 780w, https:\/\/prolim.mx\/wp-content\/uploads\/2020\/04\/1-COVID-439x439.jpg 439w, https:\/\/prolim.mx\/wp-content\/uploads\/2020\/04\/1-COVID-675x675.jpg 675w, https:\/\/prolim.mx\/wp-content\/uploads\/2020\/04\/1-COVID-880x880.jpg 880w, https:\/\/prolim.mx\/wp-content\/uploads\/2020\/04\/1-COVID-776x776.jpg 776w, https:\/\/prolim.mx\/wp-content\/uploads\/2020\/04\/1-COVID-388x388.jpg 388w, https:\/\/prolim.mx\/wp-content\/uploads\/2020\/04\/1-COVID-40x40.jpg 40w\" sizes=\"auto, (max-width: 480px) 100vw, 480px\" \/><\/strong><\/p>\n<p style=\"font-weight: 400;\"><strong>Les recordamos la importancia de implementar las siguientes medidas de higiene recomendadas por el sector salud (https:\/\/coronavirus.gob.mx):\u00a0\u00a0<\/strong><\/p>\n<ul>\n<li style=\"font-weight: 400;\">Llamar al m\u00e9dico cuando se presente alguno de los siguientes s\u00edntomas: Fiebre alta, Dolor de cabeza y garganta, Tos, Escurrimiento nasal.<\/li>\n<li style=\"font-weight: 400;\">Lavado frecuente de manos.<\/li>\n<li style=\"font-weight: 400;\">Estornudo de etiqueta, es decir, en el \u00e1ngulo interno del brazo.<\/li>\n<li style=\"font-weight: 400;\">Utilizar permanentemente el Tapabocas.<\/li>\n<li style=\"font-weight: 400;\">No tocarse la cara, la nariz, la boca ni los ojos con las manos sucias.<\/li>\n<li style=\"font-weight: 400;\">Limpiar y desinfectar superficies de uso com\u00fan en casa y oficina.<\/li>\n<li style=\"font-weight: 400;\">Quedarse en casa cuando se tengan padecimientos respiratorios o s\u00edntomas virales y reportar tu situaci\u00f3n a RH.<\/li>\n<li style=\"font-weight: 400;\">Uso de gel antibacterial y\/o con base alcohol.<\/li>\n<li style=\"font-weight: 400;\">En la medida de lo posible, mantener distancia de toda persona que tosa o estornude.<\/li>\n<\/ul>\n<p>\u00a0<\/p>\n<ol>\n<li style=\"list-style-type: none;\"><img loading=\"lazy\" decoding=\"async\" class=\"alignnone size-medium wp-image-5575\" src=\"https:\/\/dev.prolim.mx\/wp-content\/uploads\/2020\/05\/co4-480x234.jpg\" alt=\"\" width=\"480\" height=\"234\" srcset=\"https:\/\/prolim.mx\/wp-content\/uploads\/2020\/05\/co4-480x234.jpg 480w, https:\/\/prolim.mx\/wp-content\/uploads\/2020\/05\/co4-768x374.jpg 768w, https:\/\/prolim.mx\/wp-content\/uploads\/2020\/05\/co4-1200x584.jpg 1200w, https:\/\/prolim.mx\/wp-content\/uploads\/2020\/05\/co4-780x379.jpg 780w, https:\/\/prolim.mx\/wp-content\/uploads\/2020\/05\/co4-880x428.jpg 880w\" sizes=\"auto, (max-width: 480px) 100vw, 480px\" \/><img loading=\"lazy\" decoding=\"async\" class=\"alignnone size-medium wp-image-5572\" src=\"https:\/\/dev.prolim.mx\/wp-content\/uploads\/2020\/05\/co1-480x234.jpg\" alt=\"\" width=\"480\" height=\"234\" srcset=\"https:\/\/prolim.mx\/wp-content\/uploads\/2020\/05\/co1-480x234.jpg 480w, https:\/\/prolim.mx\/wp-content\/uploads\/2020\/05\/co1-768x374.jpg 768w, https:\/\/prolim.mx\/wp-content\/uploads\/2020\/05\/co1-1200x584.jpg 1200w, https:\/\/prolim.mx\/wp-content\/uploads\/2020\/05\/co1-780x379.jpg 780w, https:\/\/prolim.mx\/wp-content\/uploads\/2020\/05\/co1-880x428.jpg 880w\" sizes=\"auto, (max-width: 480px) 100vw, 480px\" \/><img loading=\"lazy\" decoding=\"async\" class=\"alignnone size-medium wp-image-5574\" src=\"https:\/\/dev.prolim.mx\/wp-content\/uploads\/2020\/05\/co3-480x234.jpg\" alt=\"\" width=\"480\" height=\"234\" srcset=\"https:\/\/prolim.mx\/wp-content\/uploads\/2020\/05\/co3-480x234.jpg 480w, https:\/\/prolim.mx\/wp-content\/uploads\/2020\/05\/co3-768x374.jpg 768w, https:\/\/prolim.mx\/wp-content\/uploads\/2020\/05\/co3-1200x584.jpg 1200w, https:\/\/prolim.mx\/wp-content\/uploads\/2020\/05\/co3-780x379.jpg 780w, https:\/\/prolim.mx\/wp-content\/uploads\/2020\/05\/co3-880x428.jpg 880w\" sizes=\"auto, (max-width: 480px) 100vw, 480px\" \/><\/li>\n<\/ol>\n<p style=\"font-weight: 400;\"><strong><img loading=\"lazy\" decoding=\"async\" class=\"size-medium wp-image-5517 alignleft\" src=\"https:\/\/dev.prolim.mx\/wp-content\/uploads\/2020\/05\/1-480x270.jpg\" alt=\"\" width=\"480\" height=\"270\" srcset=\"https:\/\/prolim.mx\/wp-content\/uploads\/2020\/05\/1-480x270.jpg 480w, https:\/\/prolim.mx\/wp-content\/uploads\/2020\/05\/1-768x432.jpg 768w, https:\/\/prolim.mx\/wp-content\/uploads\/2020\/05\/1-780x439.jpg 780w, https:\/\/prolim.mx\/wp-content\/uploads\/2020\/05\/1-880x495.jpg 880w, https:\/\/prolim.mx\/wp-content\/uploads\/2020\/05\/1.jpg 1024w\" sizes=\"auto, (max-width: 480px) 100vw, 480px\" \/><\/strong><\/p>\n<p>\u00a0<\/p>\n<p>\u00a0<\/p>\n<p>\u00a0<\/p>\n<p>\u00a0<\/p>\n<p>\u00a0<\/p>\n<p>\u00a0<\/p>\n<p>\u00a0<\/p>\n<p>\u00a0<\/p>\n<p style=\"font-weight: 400;\"><strong>Informaci\u00f3n confiable:<\/strong><\/p>\n<p style=\"font-weight: 400;\">Como suele ocurrir en estas situaciones, la desinformaci\u00f3n abunda, particularmente en redes sociales. Para promover el cumplimiento de estas medidas es conveniente explicar la raz\u00f3n detr\u00e1s de cada una:<\/p>\n<ul style=\"font-weight: 400;\">\n<li><strong><u>\u00bfPor qu\u00e9 lavarse las manos?<\/u><\/strong>\u00a0El jab\u00f3n y el alcohol pueden eliminar los diversos virus que pueden encontrarse en las manos.<\/li>\n<\/ul>\n<ul style=\"font-weight: 400;\">\n<li><strong><u>\u00bfCu\u00e1ndo debo lavarme las manos?<\/u><\/strong>\u00a0Despu\u00e9s de toser o estornudar; antes, durante y despu\u00e9s de preparar alimentos; antes y despu\u00e9s de cuidar a un enfermo; antes de comer; despu\u00e9s de entrar en contacto con un animal y\/o sus heces.<\/li>\n<\/ul>\n<ul style=\"font-weight: 400;\">\n<li><strong><u>\u00bfPor qu\u00e9 practicar el estornudo \u201cde etiqueta\u201d?<\/u><\/strong>\u00a0Al cubrirse la boca con el reverso del codo o con un pa\u00f1uelo desechable, se evita que las fluidos expulsados de boca y nariz lleguen a otras personas.<\/li>\n<\/ul>\n<ul style=\"font-weight: 400;\">\n<li><strong><u>\u00bfPor qu\u00e9 evitar tocarse el rostro con las manos sucias?<\/u><\/strong>\u00a0Las manos entran en contacto con muchas superficies contaminadas y pueden llevar el virus a los ojos, la nariz o la boca, desde donde puede entrar al cuerpo y enfermarlo.<\/li>\n<\/ul>\n<ul style=\"font-weight: 400;\">\n<li><strong><u>\u00bfPor qu\u00e9 debo llamar al m\u00e9dico si me siento mal?<\/u><\/strong>\u00a0Las autoridades de salud tienen la informaci\u00f3n m\u00e1s actualizada sobre la situaci\u00f3n en su \u00e1rea. Si llama al m\u00e9dico antes de acudir a consulta, este podr\u00e1 informarle la cl\u00ednica m\u00e1s pertinente para recibir atenci\u00f3n y as\u00ed evitar traslados innecesarios.<\/li>\n<\/ul>\n<p style=\"font-weight: 400;\"><strong>Para mayor informaci\u00f3n, recomendamos el siguiente enlace la Organizaci\u00f3n Mundial de la Salud:\u00a0<\/strong><a href=\"https:\/\/www.who.int\/es\" data-saferedirecturl=\"https:\/\/www.google.com\/url?q=https:\/\/www.who.int\/es&amp;source=gmail&amp;ust=1588106218344000&amp;usg=AFQjCNERPA-1p8F3y_OSNmO_sFdqVnCfqw\">https:\/\/www.who.int\/es<\/a><\/p>\n<p style=\"font-weight: 400;\"><strong><img loading=\"lazy\" decoding=\"async\" class=\"alignnone wp-image-5421 \" src=\"https:\/\/dev.prolim.mx\/wp-content\/uploads\/2020\/04\/3-e1588022135363-360x480.jpg\" alt=\"\" width=\"293\" height=\"391\" srcset=\"https:\/\/prolim.mx\/wp-content\/uploads\/2020\/04\/3-e1588022135363-360x480.jpg 360w, https:\/\/prolim.mx\/wp-content\/uploads\/2020\/04\/3-e1588022135363-768x1024.jpg 768w, https:\/\/prolim.mx\/wp-content\/uploads\/2020\/04\/3-e1588022135363-900x1200.jpg 900w, https:\/\/prolim.mx\/wp-content\/uploads\/2020\/04\/3-e1588022135363-203x270.jpg 203w, https:\/\/prolim.mx\/wp-content\/uploads\/2020\/04\/3-e1588022135363-585x780.jpg 585w, https:\/\/prolim.mx\/wp-content\/uploads\/2020\/04\/3-e1588022135363-329x439.jpg 329w, https:\/\/prolim.mx\/wp-content\/uploads\/2020\/04\/3-e1588022135363-506x675.jpg 506w, https:\/\/prolim.mx\/wp-content\/uploads\/2020\/04\/3-e1588022135363-660x880.jpg 660w\" sizes=\"auto, (max-width: 293px) 100vw, 293px\" \/>\u00a0<\/strong><strong><img loading=\"lazy\" decoding=\"async\" class=\"alignnone  wp-image-5422\" src=\"https:\/\/dev.prolim.mx\/wp-content\/uploads\/2020\/04\/4-234x480.jpg\" alt=\"\" width=\"190\" height=\"390\" srcset=\"https:\/\/prolim.mx\/wp-content\/uploads\/2020\/04\/4-234x480.jpg 234w, https:\/\/prolim.mx\/wp-content\/uploads\/2020\/04\/4-768x1579.jpg 768w, https:\/\/prolim.mx\/wp-content\/uploads\/2020\/04\/4-584x1200.jpg 584w, https:\/\/prolim.mx\/wp-content\/uploads\/2020\/04\/4-131x270.jpg 131w, https:\/\/prolim.mx\/wp-content\/uploads\/2020\/04\/4-379x780.jpg 379w, https:\/\/prolim.mx\/wp-content\/uploads\/2020\/04\/4-214x439.jpg 214w, https:\/\/prolim.mx\/wp-content\/uploads\/2020\/04\/4-328x675.jpg 328w, https:\/\/prolim.mx\/wp-content\/uploads\/2020\/04\/4-428x880.jpg 428w, https:\/\/prolim.mx\/wp-content\/uploads\/2020\/04\/4.jpg 1080w\" sizes=\"auto, (max-width: 190px) 100vw, 190px\" \/><\/strong><\/p>\n<p>A continuaci\u00f3n les compartimos un video donde se ampl\u00eda la informaci\u00f3n sobre las medidas de prevenci\u00f3n contra contagio de COVID-19 que nos comparte el <em><strong>Comit\u00e9 de Bioseguridad<\/strong> <\/em>del <em><strong>Instituto Nacional de Enfermedades Respiratorias (IMER):\u00a0<\/strong><\/em><\/p>\n<p><iframe loading=\"lazy\" title=\"Capacitaci\u00f3n COVID-19 INER\" width=\"1290\" height=\"726\" src=\"https:\/\/www.youtube.com\/embed\/3gyALt6NuiA?feature=oembed\" frameborder=\"0\" allow=\"accelerometer; autoplay; clipboard-write; encrypted-media; gyroscope; picture-in-picture\" allowfullscreen><\/iframe><\/p>\n<h2 style=\"font-weight: 400;\"><em><strong>Recursos Humanos PROLIM\u00a02020<\/strong><\/em><\/h2>\n<p style=\"font-weight: 400;\"><strong><em>Por una cultura organizacional de excelencia.<\/em><\/strong><\/p>\n<p><img loading=\"lazy\" decoding=\"async\" class=\"alignnone size-medium wp-image-4888\" src=\"https:\/\/dev.prolim.mx\/wp-content\/uploads\/2019\/02\/logoProlim-1-2-480x257.png\" alt=\"\" width=\"480\" height=\"257\" srcset=\"https:\/\/prolim.mx\/wp-content\/uploads\/2019\/02\/logoProlim-1-2-480x257.png 480w, https:\/\/prolim.mx\/wp-content\/uploads\/2019\/02\/logoProlim-1-2.png 512w\" sizes=\"auto, (max-width: 480px) 100vw, 480px\" \/><\/p>\n\n\n<p><\/p>\n","protected":false},"excerpt":{"rendered":"<p>Responsabilidad Social &#8211; Comit\u00e9 Estrat\u00e9gico Prolim COVID &#8211; 19: Acciones de Prevenci\u00f3n en contra del Contagio en nuestras instalaciones y Centros de Trabajo para nuestros colaboradores. A continuaci\u00f3n compartimos las acciones de alto impacto que hemos llevado a cabo desde hace semanas para revisar el estatus de salud y de las condiciones f\u00edsicas de los [&hellip;]<\/p>\n","protected":false},"author":6,"featured_media":5420,"comment_status":"open","ping_status":"closed","sticky":false,"template":"","format":"standard","meta":{"_joinchat":[],"footnotes":""},"categories":[49],"tags":[],"class_list":["post-5414","post","type-post","status-publish","format-standard","has-post-thumbnail","hentry","category-responsabilidad-social"],"blocksy_meta":{"styles_descriptor":{"styles":{"desktop":"","tablet":"","mobile":""},"google_fonts":[],"version":6}},"featured_image_urls_v2":{"full":["https:\/\/prolim.mx\/wp-content\/uploads\/2020\/04\/COVID-3-2.jpg",4096,4096,false],"thumbnail":["https:\/\/prolim.mx\/wp-content\/uploads\/2020\/04\/COVID-3-2-150x150.jpg",150,150,true],"medium":["https:\/\/prolim.mx\/wp-content\/uploads\/2020\/04\/COVID-3-2-480x480.jpg",480,480,true],"medium_large":["https:\/\/prolim.mx\/wp-content\/uploads\/2020\/04\/COVID-3-2-768x768.jpg",768,768,true],"large":["https:\/\/prolim.mx\/wp-content\/uploads\/2020\/04\/COVID-3-2-1200x1200.jpg",1200,1200,true],"1536x1536":["https:\/\/prolim.mx\/wp-content\/uploads\/2020\/04\/COVID-3-2.jpg",1536,1536,false],"2048x2048":["https:\/\/prolim.mx\/wp-content\/uploads\/2020\/04\/COVID-3-2.jpg",2048,2048,false],"smart-post-landscape":["https:\/\/prolim.mx\/wp-content\/uploads\/2020\/04\/COVID-3-2.jpg",570,570,false],"smart-post-portrait":["https:\/\/prolim.mx\/wp-content\/uploads\/2020\/04\/COVID-3-2.jpg",600,600,false]},"post_excerpt_stackable_v2":"<p>Responsabilidad Social &#8211; Comit\u00e9 Estrat\u00e9gico Prolim COVID &#8211; 19: Acciones de Prevenci\u00f3n en contra del Contagio en nuestras instalaciones y Centros de Trabajo para nuestros colaboradores. A continuaci\u00f3n compartimos las acciones de alto impacto que hemos llevado a cabo desde hace semanas para revisar el estatus de salud y de las condiciones f\u00edsicas de los Centros de Trabajo a donde acuden nuestros colaboradores durante esta temporada de Emergencia Sanitaria con la intenci\u00f3n de verificar que dichos lugares, cuenten con las medidas de seguridad y prevenci\u00f3n contra el contagio de COVID-19. \u00a0\u00a0 Se han entregado y revisado con todo el personal&hellip;<\/p>\n","category_list_v2":"<a href=\"https:\/\/prolim.mx\/index.php\/category\/responsabilidad-social\/\" rel=\"category tag\">Responsabilidad Social<\/a>","author_info_v2":{"name":"PROLIM","url":"https:\/\/prolim.mx\/index.php\/author\/carlossoto\/"},"comments_num_v2":"0 comentarios","_links":{"self":[{"href":"https:\/\/prolim.mx\/index.php\/wp-json\/wp\/v2\/posts\/5414","targetHints":{"allow":["GET"]}}],"collection":[{"href":"https:\/\/prolim.mx\/index.php\/wp-json\/wp\/v2\/posts"}],"about":[{"href":"https:\/\/prolim.mx\/index.php\/wp-json\/wp\/v2\/types\/post"}],"author":[{"embeddable":true,"href":"https:\/\/prolim.mx\/index.php\/wp-json\/wp\/v2\/users\/6"}],"replies":[{"embeddable":true,"href":"https:\/\/prolim.mx\/index.php\/wp-json\/wp\/v2\/comments?post=5414"}],"version-history":[{"count":6,"href":"https:\/\/prolim.mx\/index.php\/wp-json\/wp\/v2\/posts\/5414\/revisions"}],"predecessor-version":[{"id":5581,"href":"https:\/\/prolim.mx\/index.php\/wp-json\/wp\/v2\/posts\/5414\/revisions\/5581"}],"wp:featuredmedia":[{"embeddable":true,"href":"https:\/\/prolim.mx\/index.php\/wp-json\/wp\/v2\/media\/5420"}],"wp:attachment":[{"href":"https:\/\/prolim.mx\/index.php\/wp-json\/wp\/v2\/media?parent=5414"}],"wp:term":[{"taxonomy":"category","embeddable":true,"href":"https:\/\/prolim.mx\/index.php\/wp-json\/wp\/v2\/categories?post=5414"},{"taxonomy":"post_tag","embeddable":true,"href":"https:\/\/prolim.mx\/index.php\/wp-json\/wp\/v2\/tags?post=5414"}],"curies":[{"name":"wp","href":"https:\/\/api.w.org\/{rel}","templated":true}]}}