{"id":5121,"date":"2019-09-26T23:43:13","date_gmt":"2019-09-26T23:43:13","guid":{"rendered":"http:\/\/prolim.mx\/?p=5121"},"modified":"2019-09-26T23:43:13","modified_gmt":"2019-09-26T23:43:13","slug":"visita-del-equipo-de-operacion-y-servicio-a-las-instalaciones-de-jabones-la-corona-proveedor-de-excelencia-de-grupo-prolim","status":"publish","type":"post","link":"https:\/\/prolim.mx\/index.php\/2019\/09\/26\/visita-del-equipo-de-operacion-y-servicio-a-las-instalaciones-de-jabones-la-corona-proveedor-de-excelencia-de-grupo-prolim\/","title":{"rendered":"Visita del equipo de Operaci\u00f3n y Servicio a las instalaciones de Jabones La Corona, proveedor de excelencia de Grupo PROLIM."},"content":{"rendered":"<p><img loading=\"lazy\" decoding=\"async\" class=\"alignnone size-medium wp-image-4946\" src=\"https:\/\/dev.prolim.mx\/wp-content\/uploads\/2019\/03\/Contacto-480x148.jpg\" alt=\"\" width=\"480\" height=\"148\" srcset=\"https:\/\/prolim.mx\/wp-content\/uploads\/2019\/03\/Contacto-480x148.jpg 480w, https:\/\/prolim.mx\/wp-content\/uploads\/2019\/03\/Contacto.jpg 589w\" sizes=\"auto, (max-width: 480px) 100vw, 480px\" \/><\/p>\n<p><strong><em>Visita a la F\u00e1brica de Jab\u00f3n La Corona.<\/em><\/strong><\/p>\n<p>Les compartimos con gran arado que el pasado <strong><em>29 de Agosto 2019<\/em><\/strong>, fuimos invitados a recibir una capacitaci\u00f3n y realizar un recorrido por parte de nuestro <strong><em>Proveedor La Corona<\/em><\/strong>, especialistas en la <strong><em>fabricaci\u00f3n de jabones.<\/em><\/strong><\/p>\n<p>A esta cita acudimos todos los supervisores de la CDMX, puestos administrativos de Operaci\u00f3n y Servicio de CDMX y a nivel nacional. El proveedor La Corona nos recibieron con excelente hospitalidad en sus instalaciones, a fin de comprender y utilizar adecuadamente el uso de sus productos, especialmente del jab\u00f3n ROMA y ZOTE.<\/p>\n<p>Durante el recorrido se abord\u00f3 el tema del <strong><em>adecuado manejo adecuado del PRODUCTO, para evitar accidentes en su salud e integridad f\u00edsica<\/em><\/strong>, y para este tema estuvo presente y apoy\u00e1ndonos el EQUIPO DE INGENIEROS DE JABON LA CORONA. Nos compartieron tips y experiencias que enriquecieron al grupo.<\/p>\n<p>A lo largo del recorrido, confirmamos el compromiso de utilizar adecuadamente estos productos y se hizo \u00e9nfasis en comprender el pictograma de sus productos.<\/p>\n<p>A continuaci\u00f3n les compartimos im\u00e1genes de este interesante evento:<\/p>\n<p><strong>\u00a0 <img loading=\"lazy\" decoding=\"async\" class=\"alignnone wp-image-5122\" src=\"https:\/\/dev.prolim.mx\/wp-content\/uploads\/2019\/09\/Corona1.jpg\" alt=\"\" width=\"336\" height=\"316\" srcset=\"https:\/\/prolim.mx\/wp-content\/uploads\/2019\/09\/Corona1.jpg 334w, https:\/\/prolim.mx\/wp-content\/uploads\/2019\/09\/Corona1-287x270.jpg 287w\" sizes=\"auto, (max-width: 336px) 100vw, 336px\" \/><img loading=\"lazy\" decoding=\"async\" class=\"alignnone size-medium wp-image-5123\" src=\"https:\/\/dev.prolim.mx\/wp-content\/uploads\/2019\/09\/Corona2.jpg\" alt=\"\" width=\"446\" height=\"239\" \/><img loading=\"lazy\" decoding=\"async\" class=\"alignnone size-medium wp-image-5124\" src=\"https:\/\/dev.prolim.mx\/wp-content\/uploads\/2019\/09\/Corona3.jpg\" alt=\"\" width=\"300\" height=\"295\" srcset=\"https:\/\/prolim.mx\/wp-content\/uploads\/2019\/09\/Corona3.jpg 300w, https:\/\/prolim.mx\/wp-content\/uploads\/2019\/09\/Corona3-275x270.jpg 275w, https:\/\/prolim.mx\/wp-content\/uploads\/2019\/09\/Corona3-40x40.jpg 40w\" sizes=\"auto, (max-width: 300px) 100vw, 300px\" \/><img loading=\"lazy\" decoding=\"async\" class=\"alignnone size-medium wp-image-5125\" src=\"https:\/\/dev.prolim.mx\/wp-content\/uploads\/2019\/09\/Corona4-277x480.jpg\" alt=\"\" width=\"277\" height=\"480\" srcset=\"https:\/\/prolim.mx\/wp-content\/uploads\/2019\/09\/Corona4-277x480.jpg 277w, https:\/\/prolim.mx\/wp-content\/uploads\/2019\/09\/Corona4-156x270.jpg 156w, https:\/\/prolim.mx\/wp-content\/uploads\/2019\/09\/Corona4-253x439.jpg 253w, https:\/\/prolim.mx\/wp-content\/uploads\/2019\/09\/Corona4.jpg 313w\" sizes=\"auto, (max-width: 277px) 100vw, 277px\" \/><\/strong><\/p>\n<h3><strong><em>Un gusto tener proveedores orgullosamente Mexicanos de excelente calidad.<\/em><\/strong><\/h3>\n<p><em>\u00a0<img loading=\"lazy\" decoding=\"async\" class=\"alignnone size-medium wp-image-5126\" src=\"https:\/\/dev.prolim.mx\/wp-content\/uploads\/2019\/09\/Corona5-480x339.jpg\" alt=\"\" width=\"480\" height=\"339\" srcset=\"https:\/\/prolim.mx\/wp-content\/uploads\/2019\/09\/Corona5-480x339.jpg 480w, https:\/\/prolim.mx\/wp-content\/uploads\/2019\/09\/Corona5-383x270.jpg 383w, https:\/\/prolim.mx\/wp-content\/uploads\/2019\/09\/Corona5.jpg 523w\" sizes=\"auto, (max-width: 480px) 100vw, 480px\" \/><img loading=\"lazy\" decoding=\"async\" class=\"alignnone wp-image-5127\" src=\"https:\/\/dev.prolim.mx\/wp-content\/uploads\/2019\/09\/Corona6-480x235.jpg\" alt=\"\" width=\"701\" height=\"343\" srcset=\"https:\/\/prolim.mx\/wp-content\/uploads\/2019\/09\/Corona6-480x235.jpg 480w, https:\/\/prolim.mx\/wp-content\/uploads\/2019\/09\/Corona6.jpg 673w\" sizes=\"auto, (max-width: 701px) 100vw, 701px\" \/><\/em><\/p>\n<p><em>Para conocer m\u00e1s sobre este proveedor visiten: <\/em><a href=\"http:\/\/www.lacorona.com.mx\"><em>www.lacorona.com.mx<\/em><\/a><\/p>\n<p>Conoce su historia en este video:<\/p>\n<p><iframe loading=\"lazy\" title=\"CASO DE \u00c9XITO F\u00c1BRICA DE JAB\u00d3N LA CORONA\" width=\"1290\" height=\"726\" src=\"https:\/\/www.youtube.com\/embed\/LFvutz4qzvM?feature=oembed\" frameborder=\"0\" allow=\"accelerometer; autoplay; clipboard-write; encrypted-media; gyroscope; picture-in-picture\" allowfullscreen><\/iframe><\/p>\n<p><strong><em>Reciban un cordial saludo.<\/em><\/strong><\/p>\n<p>Atentamente,<\/p>\n<p><strong><u>Comit\u00e9 de Calidad PROLIM 2019.<\/u><\/strong><\/p>\n<p><em>Con acciones concretas, mejorando d\u00eda a d\u00eda nuestra organizaci\u00f3n.<\/em><\/p>\n<p>&nbsp;<\/p>\n<p>&nbsp;<\/p>\n","protected":false},"excerpt":{"rendered":"<p>Visita a la F\u00e1brica de Jab\u00f3n La Corona. Les compartimos con gran arado que el pasado 29 de Agosto 2019, fuimos invitados a recibir una capacitaci\u00f3n y realizar un recorrido por parte de nuestro Proveedor La Corona, especialistas en la fabricaci\u00f3n de jabones. A esta cita acudimos todos los supervisores de la CDMX, puestos administrativos [&hellip;]<\/p>\n","protected":false},"author":6,"featured_media":5123,"comment_status":"open","ping_status":"closed","sticky":false,"template":"","format":"standard","meta":{"_joinchat":[],"footnotes":""},"categories":[50],"tags":[],"class_list":["post-5121","post","type-post","status-publish","format-standard","has-post-thumbnail","hentry","category-capacitacion"],"blocksy_meta":{"styles_descriptor":{"styles":{"desktop":"","tablet":"","mobile":""},"google_fonts":[],"version":6}},"featured_image_urls_v2":{"full":["https:\/\/prolim.mx\/wp-content\/uploads\/2019\/09\/Corona2.jpg",446,239,false],"thumbnail":["https:\/\/prolim.mx\/wp-content\/uploads\/2019\/09\/Corona2-150x150.jpg",150,150,true],"medium":["https:\/\/prolim.mx\/wp-content\/uploads\/2019\/09\/Corona2.jpg",446,239,false],"medium_large":["https:\/\/prolim.mx\/wp-content\/uploads\/2019\/09\/Corona2.jpg",446,239,false],"large":["https:\/\/prolim.mx\/wp-content\/uploads\/2019\/09\/Corona2.jpg",446,239,false],"1536x1536":["https:\/\/prolim.mx\/wp-content\/uploads\/2019\/09\/Corona2.jpg",446,239,false],"2048x2048":["https:\/\/prolim.mx\/wp-content\/uploads\/2019\/09\/Corona2.jpg",446,239,false],"smart-post-landscape":["https:\/\/prolim.mx\/wp-content\/uploads\/2019\/09\/Corona2.jpg",446,239,false],"smart-post-portrait":["https:\/\/prolim.mx\/wp-content\/uploads\/2019\/09\/Corona2.jpg",446,239,false]},"post_excerpt_stackable_v2":"<p>Visita a la F\u00e1brica de Jab\u00f3n La Corona. Les compartimos con gran arado que el pasado 29 de Agosto 2019, fuimos invitados a recibir una capacitaci\u00f3n y realizar un recorrido por parte de nuestro Proveedor La Corona, especialistas en la fabricaci\u00f3n de jabones. A esta cita acudimos todos los supervisores de la CDMX, puestos administrativos de Operaci\u00f3n y Servicio de CDMX y a nivel nacional. El proveedor La Corona nos recibieron con excelente hospitalidad en sus instalaciones, a fin de comprender y utilizar adecuadamente el uso de sus productos, especialmente del jab\u00f3n ROMA y ZOTE. Durante el recorrido se abord\u00f3&hellip;<\/p>\n","category_list_v2":"<a href=\"https:\/\/prolim.mx\/index.php\/category\/capacitacion\/\" rel=\"category tag\">Capacitaci\u00f3n<\/a>","author_info_v2":{"name":"PROLIM","url":"https:\/\/prolim.mx\/index.php\/author\/carlossoto\/"},"comments_num_v2":"0 comentarios","_links":{"self":[{"href":"https:\/\/prolim.mx\/index.php\/wp-json\/wp\/v2\/posts\/5121","targetHints":{"allow":["GET"]}}],"collection":[{"href":"https:\/\/prolim.mx\/index.php\/wp-json\/wp\/v2\/posts"}],"about":[{"href":"https:\/\/prolim.mx\/index.php\/wp-json\/wp\/v2\/types\/post"}],"author":[{"embeddable":true,"href":"https:\/\/prolim.mx\/index.php\/wp-json\/wp\/v2\/users\/6"}],"replies":[{"embeddable":true,"href":"https:\/\/prolim.mx\/index.php\/wp-json\/wp\/v2\/comments?post=5121"}],"version-history":[{"count":1,"href":"https:\/\/prolim.mx\/index.php\/wp-json\/wp\/v2\/posts\/5121\/revisions"}],"predecessor-version":[{"id":5129,"href":"https:\/\/prolim.mx\/index.php\/wp-json\/wp\/v2\/posts\/5121\/revisions\/5129"}],"wp:featuredmedia":[{"embeddable":true,"href":"https:\/\/prolim.mx\/index.php\/wp-json\/wp\/v2\/media\/5123"}],"wp:attachment":[{"href":"https:\/\/prolim.mx\/index.php\/wp-json\/wp\/v2\/media?parent=5121"}],"wp:term":[{"taxonomy":"category","embeddable":true,"href":"https:\/\/prolim.mx\/index.php\/wp-json\/wp\/v2\/categories?post=5121"},{"taxonomy":"post_tag","embeddable":true,"href":"https:\/\/prolim.mx\/index.php\/wp-json\/wp\/v2\/tags?post=5121"}],"curies":[{"name":"wp","href":"https:\/\/api.w.org\/{rel}","templated":true}]}}