{"id":4713,"date":"2019-02-19T19:47:43","date_gmt":"2019-02-19T19:47:43","guid":{"rendered":"http:\/\/prolim.mx\/?p=4713"},"modified":"2023-10-25T05:53:57","modified_gmt":"2023-10-25T05:53:57","slug":"diplomado-en-desarrollo-humano-formacion-de-talento-humano-y-desarrollo-de-plan-de-vida-y-carrera-del-capital-humano-en-prolim","status":"publish","type":"post","link":"https:\/\/prolim.mx\/index.php\/2019\/02\/19\/diplomado-en-desarrollo-humano-formacion-de-talento-humano-y-desarrollo-de-plan-de-vida-y-carrera-del-capital-humano-en-prolim\/","title":{"rendered":"Diplomado en Desarrollo Humano: Formaci\u00f3n de Talento Humano &#038; Desarrollo de Plan de Vida y Carrera del Capital Humano en PROLIM."},"content":{"rendered":"\n<figure class=\"wp-block-image\"><img loading=\"lazy\" decoding=\"async\" width=\"589\" height=\"182\" src=\"https:\/\/dev.prolim.mx\/wp-content\/uploads\/2019\/02\/Contacto-1.jpg\" alt=\"\" class=\"wp-image-4714\" srcset=\"https:\/\/prolim.mx\/wp-content\/uploads\/2019\/02\/Contacto-1.jpg 589w, https:\/\/prolim.mx\/wp-content\/uploads\/2019\/02\/Contacto-1-480x148.jpg 480w\" sizes=\"auto, (max-width: 589px) 100vw, 589px\" \/><\/figure>\n\n\n\n<p><strong><em>Diplomado en Desarrollo Humano: Formaci\u00f3n de Talento Humano y Desarrollo\nde Plan de Vida y Carrera del Capital Humano en PROLIM.&nbsp;<\/em><\/strong><\/p>\n\n\n\n<figure class=\"wp-block-image\"><img loading=\"lazy\" decoding=\"async\" width=\"689\" height=\"236\" src=\"https:\/\/dev.prolim.mx\/wp-content\/uploads\/2019\/02\/1-1.jpg\" alt=\"\" class=\"wp-image-4716\" srcset=\"https:\/\/prolim.mx\/wp-content\/uploads\/2019\/02\/1-1.jpg 689w, https:\/\/prolim.mx\/wp-content\/uploads\/2019\/02\/1-1-480x164.jpg 480w\" sizes=\"auto, (max-width: 689px) 100vw, 689px\" \/><\/figure>\n\n\n\n<p>Con la participaci\u00f3n de m\u00e1s de <strong><em>500 colaboradores<\/em><\/strong> en diferentes instalaciones de nuestros clientes y en nuestra sala de capacitaci\u00f3n \u201cMart\u00edn Lucio\u201d, se ha implementado, desde inicios del 2018, cursos de <strong><em>capacitaci\u00f3n y formaci\u00f3n t\u00e9cnico \u2013 humana <\/em><\/strong>que son parte integral del <strong><em>Programa de Capacitaci\u00f3n y Desarrollo Humano<\/em><\/strong> de Grupo PROLIM. <\/p>\n\n\n\n<p>Nuestros colaboradores reciben diferentes m\u00f3dulos de formaci\u00f3n t\u00e9cnico profesional que <strong><em>fortalece sus habilidades operativas, actitudinales, afectivas y conductuales<\/em><\/strong> para brindar un servicio de alta calidad y excelencia. <\/p>\n\n\n\n<p>Cada m\u00f3dulo es impartido por <strong><em>personal especializado en Recursos Humanos<\/em><\/strong> y con experiencia amplia en capacitaci\u00f3n y desarrollo humano aplicado a colaboradores operativos. Al finalizar cada m\u00f3dulo nuestros colaboradores reciben una <strong><em>constancia <\/em><\/strong>por cada m\u00f3dulo mismo que tiene <strong><em>Valor Curricular<\/em><\/strong>. <\/p>\n\n\n\n<figure class=\"wp-block-image is-resized\"><img loading=\"lazy\" decoding=\"async\" width=\"525\" height=\"260\" src=\"https:\/\/dev.prolim.mx\/wp-content\/uploads\/2019\/02\/5-1.jpg\" alt=\"\" class=\"wp-image-4720\" style=\"width:591px;height:293px\" srcset=\"https:\/\/prolim.mx\/wp-content\/uploads\/2019\/02\/5-1.jpg 525w, https:\/\/prolim.mx\/wp-content\/uploads\/2019\/02\/5-1-480x238.jpg 480w\" sizes=\"auto, (max-width: 525px) 100vw, 525px\" \/><\/figure>\n\n\n\n<figure class=\"wp-block-image is-resized\"><img loading=\"lazy\" decoding=\"async\" width=\"634\" height=\"280\" src=\"https:\/\/dev.prolim.mx\/wp-content\/uploads\/2019\/02\/6-1.jpg\" alt=\"\" class=\"wp-image-4721\" style=\"width:585px;height:258px\" srcset=\"https:\/\/prolim.mx\/wp-content\/uploads\/2019\/02\/6-1.jpg 634w, https:\/\/prolim.mx\/wp-content\/uploads\/2019\/02\/6-1-480x212.jpg 480w\" sizes=\"auto, (max-width: 634px) 100vw, 634px\" \/><\/figure>\n\n\n\n<p>La formaci\u00f3n completa recibida a lo largo de la implementaci\u00f3n de este Diplomado busca desarrollar diferentes capacidades que son altamente valoradas por los usuarios que utilizan las instalaciones de nuestros clientes y genera un <strong><em>valor agregado<\/em><\/strong> en la atenci\u00f3n, servicio e intervenci\u00f3n de nuestros colaboradores hacia los usuarios. <\/p>\n\n\n\n<figure class=\"wp-block-image is-resized\"><img loading=\"lazy\" decoding=\"async\" width=\"270\" height=\"286\" src=\"https:\/\/dev.prolim.mx\/wp-content\/uploads\/2019\/02\/7-1.jpg\" alt=\"\" class=\"wp-image-4722\" style=\"width:538px;height:570px\" srcset=\"https:\/\/prolim.mx\/wp-content\/uploads\/2019\/02\/7-1.jpg 270w, https:\/\/prolim.mx\/wp-content\/uploads\/2019\/02\/7-1-255x270.jpg 255w\" sizes=\"auto, (max-width: 270px) 100vw, 270px\" \/><\/figure>\n\n\n\n<figure class=\"wp-block-image is-resized\"><img loading=\"lazy\" decoding=\"async\" width=\"347\" height=\"286\" src=\"https:\/\/dev.prolim.mx\/wp-content\/uploads\/2019\/02\/8-1.jpg\" alt=\"\" class=\"wp-image-4723\" style=\"width:529px;height:436px\" srcset=\"https:\/\/prolim.mx\/wp-content\/uploads\/2019\/02\/8-1.jpg 347w, https:\/\/prolim.mx\/wp-content\/uploads\/2019\/02\/8-1-328x270.jpg 328w\" sizes=\"auto, (max-width: 347px) 100vw, 347px\" \/><\/figure>\n\n\n\n<p> Este <strong><em>Diplomado en Desarrollo Humano<\/em><\/strong> consta de 10 m\u00f3dulos y es requisito haberlo cursado completo para que nuestros colaboradores puedan acceder al beneficio de ser elegidos para <strong><em>escalar en el organigrama operativo<\/em><\/strong> de PROLIM. Los principales beneficios al finalizar este Diplomado, adem\u00e1s de obtener una <strong><em>constancia con Valor Curricular y Profesional<\/em><\/strong>, es que podr\u00e1n obtener la posibilidad de ser elegidos para tomar puestos de mayor jerarqu\u00eda y responsabilidad como el de <strong><em>Encargados, Supervisores Zonales y Auxiliares Administrativos<\/em><\/strong>.  <\/p>\n\n\n\n<figure class=\"wp-block-image is-resized\"><img loading=\"lazy\" decoding=\"async\" width=\"449\" height=\"284\" src=\"https:\/\/dev.prolim.mx\/wp-content\/uploads\/2019\/02\/9.jpg\" alt=\"\" class=\"wp-image-4724\" style=\"width:577px;height:365px\" srcset=\"https:\/\/prolim.mx\/wp-content\/uploads\/2019\/02\/9.jpg 449w, https:\/\/prolim.mx\/wp-content\/uploads\/2019\/02\/9-427x270.jpg 427w\" sizes=\"auto, (max-width: 449px) 100vw, 449px\" \/><\/figure>\n\n\n\n<figure class=\"wp-block-image is-resized\"><img loading=\"lazy\" decoding=\"async\" width=\"469\" height=\"278\" src=\"https:\/\/dev.prolim.mx\/wp-content\/uploads\/2019\/02\/10.jpg\" alt=\"\" class=\"wp-image-4725\" style=\"width:562px;height:333px\" srcset=\"https:\/\/prolim.mx\/wp-content\/uploads\/2019\/02\/10.jpg 469w, https:\/\/prolim.mx\/wp-content\/uploads\/2019\/02\/10-456x270.jpg 456w\" sizes=\"auto, (max-width: 469px) 100vw, 469px\" \/><\/figure>\n\n\n\n<p>Los <strong><em>10 m\u00f3dulos incluidos en este Diplomado<\/em><\/strong> son: <\/p>\n\n\n\n<p><strong><em>M\u00f3dulo 1: Integraci\u00f3n de Equipos. <\/em><\/strong><\/p>\n\n\n\n<p>Este m\u00f3dulo desarrolla las habilidades necesarias para generar <strong><em>ambientes adecuados para trabajar en equipos orientados a resultados y la colaboraci\u00f3n efectiva.<\/em><\/strong> Al brindar un servicio basado en personas, el trabajo en equipo se vuelve la clave del \u00e9xito de nuestras intervenciones en las instalaciones de nuestros clientes. <\/p>\n\n\n\n<figure class=\"wp-block-image is-resized\"><img loading=\"lazy\" decoding=\"async\" width=\"624\" height=\"268\" src=\"https:\/\/dev.prolim.mx\/wp-content\/uploads\/2019\/02\/11.jpg\" alt=\"\" class=\"wp-image-4726\" style=\"width:569px;height:244px\" srcset=\"https:\/\/prolim.mx\/wp-content\/uploads\/2019\/02\/11.jpg 624w, https:\/\/prolim.mx\/wp-content\/uploads\/2019\/02\/11-480x206.jpg 480w\" sizes=\"auto, (max-width: 624px) 100vw, 624px\" \/><\/figure>\n\n\n\n<p><strong><em>M\u00f3dulo 2: Manejo Efectivo del Estr\u00e9s. <\/em><\/strong> <\/p>\n\n\n\n<p>Nuestro principal valor es el <strong><em>respeto y cuidado por las personas<\/em><\/strong> y por esta raz\u00f3n buscamos apoyar a nuestros colaboradores brind\u00e1ndoles estrategias efectivas de <strong><em>manejo de la tensi\u00f3n, el trabajo f\u00edsico y el estr\u00e9s laboral.<\/em><\/strong> Como parte de nuestra pol\u00edtica de calidad y nuestro inter\u00e9s en prevenir riesgos de trabajo, hemos definido esta intervenci\u00f3n como una de las principales estrategias de factor humano en beneficio de nuestro personal en sitio.  <\/p>\n\n\n\n<figure class=\"wp-block-image is-resized\"><img loading=\"lazy\" decoding=\"async\" width=\"520\" height=\"300\" src=\"https:\/\/dev.prolim.mx\/wp-content\/uploads\/2019\/02\/14.jpg\" alt=\"\" class=\"wp-image-4729\" style=\"width:562px;height:324px\" srcset=\"https:\/\/prolim.mx\/wp-content\/uploads\/2019\/02\/14.jpg 520w, https:\/\/prolim.mx\/wp-content\/uploads\/2019\/02\/14-480x277.jpg 480w, https:\/\/prolim.mx\/wp-content\/uploads\/2019\/02\/14-468x270.jpg 468w\" sizes=\"auto, (max-width: 520px) 100vw, 520px\" \/><\/figure>\n\n\n\n<p><strong><em>M\u00f3dulo 3: Viviendo los valores\nPROLIM.<\/em><\/strong><\/p>\n\n\n\n<p>En este m\u00f3dulo no s\u00f3lo buscamos que nuestros colaboradores <strong><em>conozcan y comprendan nuestros valores<\/em><\/strong>, tambi\u00e9n buscamos que los vivan y experimenten en sus vidas cotidianas, con sus relaciones de amistad, familiares y en su convivencia social y comunitaria. <strong><em>Nuestros valores institucionales son: <\/em><\/strong><\/p>\n\n\n\n<figure class=\"wp-block-image\"><img loading=\"lazy\" decoding=\"async\" width=\"553\" height=\"701\" src=\"https:\/\/dev.prolim.mx\/wp-content\/uploads\/2019\/02\/valores.jpg\" alt=\"\" class=\"wp-image-4730\" srcset=\"https:\/\/prolim.mx\/wp-content\/uploads\/2019\/02\/valores.jpg 553w, https:\/\/prolim.mx\/wp-content\/uploads\/2019\/02\/valores-379x480.jpg 379w, https:\/\/prolim.mx\/wp-content\/uploads\/2019\/02\/valores-213x270.jpg 213w, https:\/\/prolim.mx\/wp-content\/uploads\/2019\/02\/valores-346x439.jpg 346w, https:\/\/prolim.mx\/wp-content\/uploads\/2019\/02\/valores-532x675.jpg 532w\" sizes=\"auto, (max-width: 553px) 100vw, 553px\" \/><\/figure>\n\n\n\n<p><strong><em>M\u00f3dulo 4: Innovaci\u00f3n en el Servicio. <\/em><\/strong><\/p>\n\n\n\n<p>En este m\u00f3dulo se busca despertar y fomentar en los colaboradores la curiosidad por <strong><em>brindar servicio con el factor innovaci\u00f3n y creatividad<\/em><\/strong> siempre y cuando se respeten las pol\u00edticas y reglamentos de cada instalaci\u00f3n de trabajo. Lo principal que busca esta intervenci\u00f3n es brindarle herramientas de innovaci\u00f3n a nuestro personal que se pongan a la orden de nuestros clientes. <\/p>\n\n\n\n<figure class=\"wp-block-image is-resized\"><img loading=\"lazy\" decoding=\"async\" width=\"503\" height=\"249\" src=\"https:\/\/dev.prolim.mx\/wp-content\/uploads\/2019\/02\/17.jpg\" alt=\"\" class=\"wp-image-4733\" style=\"width:574px;height:284px\" srcset=\"https:\/\/prolim.mx\/wp-content\/uploads\/2019\/02\/17.jpg 503w, https:\/\/prolim.mx\/wp-content\/uploads\/2019\/02\/17-480x238.jpg 480w\" sizes=\"auto, (max-width: 503px) 100vw, 503px\" \/><\/figure>\n\n\n\n<p><strong><em>M\u00f3dulo 5: Enfoque al Cliente.<\/em><\/strong><\/p>\n\n\n\n<p>En este m\u00f3dulo se trabaja la importancia de siempre estar enfocado al cliente, comprender sus necesidades de servicio, cuidar los detalles de nuestra intervenci\u00f3n en sus instalaciones y brindar siempre una atenci\u00f3n de <strong><em>excelencia y calidez<\/em><\/strong> en nuestro trato. <\/p>\n\n\n\n<figure class=\"wp-block-image is-resized\"><img loading=\"lazy\" decoding=\"async\" width=\"485\" height=\"253\" src=\"https:\/\/dev.prolim.mx\/wp-content\/uploads\/2019\/02\/18.jpg\" alt=\"\" class=\"wp-image-4734\" style=\"width:570px;height:297px\" srcset=\"https:\/\/prolim.mx\/wp-content\/uploads\/2019\/02\/18.jpg 485w, https:\/\/prolim.mx\/wp-content\/uploads\/2019\/02\/18-480x250.jpg 480w\" sizes=\"auto, (max-width: 485px) 100vw, 485px\" \/><\/figure>\n\n\n\n<figure class=\"wp-block-image is-resized\"><img loading=\"lazy\" decoding=\"async\" width=\"483\" height=\"235\" src=\"https:\/\/dev.prolim.mx\/wp-content\/uploads\/2019\/02\/20.jpg\" alt=\"\" class=\"wp-image-4736\" style=\"width:602px;height:293px\" srcset=\"https:\/\/prolim.mx\/wp-content\/uploads\/2019\/02\/20.jpg 483w, https:\/\/prolim.mx\/wp-content\/uploads\/2019\/02\/20-480x235.jpg 480w\" sizes=\"auto, (max-width: 483px) 100vw, 483px\" \/><\/figure>\n\n\n\n<p><strong><em>M\u00f3dulo 6: Seguridad e Higiene en el\nTrabajo. <\/em><\/strong><\/p>\n\n\n\n<p>Este m\u00f3dulo refuerza la capacitaci\u00f3n recibida por parte de nuestros colaboradores al ser contratados por PROLIM a trav\u00e9s de nuestro <strong><em>Manual de Prevenci\u00f3n de riesgos laborales y Seguridad e Higiene<\/em><\/strong>. En este m\u00f3dulo se revisan a fondo las indicaciones a seguir para cumplir con las normativas de seguridad en materia laboral e higiene en las instalaciones de nuestros clientes. <\/p>\n\n\n\n<figure class=\"wp-block-image is-resized\"><img loading=\"lazy\" decoding=\"async\" width=\"566\" height=\"241\" src=\"https:\/\/dev.prolim.mx\/wp-content\/uploads\/2019\/02\/23.jpg\" alt=\"\" class=\"wp-image-4739\" style=\"width:609px;height:259px\" srcset=\"https:\/\/prolim.mx\/wp-content\/uploads\/2019\/02\/23.jpg 566w, https:\/\/prolim.mx\/wp-content\/uploads\/2019\/02\/23-480x204.jpg 480w\" sizes=\"auto, (max-width: 566px) 100vw, 566px\" \/><\/figure>\n\n\n\n<p><strong><em>M\u00f3dulo 7: Asertividad y Comunicaci\u00f3n Efectiva.<\/em><\/strong> <\/p>\n\n\n\n<p>Este m\u00f3dulo busca desarrollar mejores habilidades de comunicaci\u00f3n a trav\u00e9s de intervenciones din\u00e1micas y de aprendizaje significativo que mejoren los <strong><em>canales de comunicaci\u00f3n<\/em><\/strong> entre ellos y con los usuarios que acuden a las instalaciones de nuestros clientes.  <\/p>\n\n\n\n<figure class=\"wp-block-image is-resized\"><img loading=\"lazy\" decoding=\"async\" width=\"511\" height=\"233\" src=\"https:\/\/dev.prolim.mx\/wp-content\/uploads\/2019\/02\/25.jpg\" alt=\"\" class=\"wp-image-4741\" style=\"width:578px;height:264px\" srcset=\"https:\/\/prolim.mx\/wp-content\/uploads\/2019\/02\/25.jpg 511w, https:\/\/prolim.mx\/wp-content\/uploads\/2019\/02\/25-480x219.jpg 480w\" sizes=\"auto, (max-width: 511px) 100vw, 511px\" \/><\/figure>\n\n\n\n<p><strong><em>M\u00f3dulo 8: Liderazgo basado en valores\ny colaboraci\u00f3n. <\/em><\/strong><\/p>\n\n\n\n<p>Durante este m\u00f3dulo nuestros colaboradores comprender\u00e1n y llevar\u00e1n a cabo ejercicios para ejercer el <strong><em>liderazgo orientado a valores<\/em><\/strong> y siempre buscando generar espacios de colaboraci\u00f3n positiva y orientada a resultados. Este m\u00f3dulo resalta la importancia de ejercer un <strong><em>liderazgo humanista y altamente colaborativo. <\/em><\/strong><\/p>\n\n\n\n<figure class=\"wp-block-image is-resized\"><img loading=\"lazy\" decoding=\"async\" width=\"524\" height=\"255\" src=\"https:\/\/dev.prolim.mx\/wp-content\/uploads\/2019\/02\/28.jpg\" alt=\"\" class=\"wp-image-4744\" style=\"width:605px;height:294px\" srcset=\"https:\/\/prolim.mx\/wp-content\/uploads\/2019\/02\/28.jpg 524w, https:\/\/prolim.mx\/wp-content\/uploads\/2019\/02\/28-480x234.jpg 480w\" sizes=\"auto, (max-width: 524px) 100vw, 524px\" \/><\/figure>\n\n\n\n<p><strong><em>M\u00f3dulo 9: Clima Organizacional\nPositivo. <\/em><\/strong><\/p>\n\n\n\n<p>Este m\u00f3dulo brinda las herramientas a nuestros colaboradores para <strong><em>desarrollar ambientes o climas de trabajo positivos y armoniosos<\/em><\/strong> donde se puedan desempe\u00f1ar libres de conflictos y problemas interpersonales. <\/p>\n\n\n\n<figure class=\"wp-block-image is-resized\"><img loading=\"lazy\" decoding=\"async\" width=\"515\" height=\"233\" src=\"https:\/\/dev.prolim.mx\/wp-content\/uploads\/2019\/02\/31.jpg\" alt=\"\" class=\"wp-image-4747\" style=\"width:610px;height:276px\" srcset=\"https:\/\/prolim.mx\/wp-content\/uploads\/2019\/02\/31.jpg 515w, https:\/\/prolim.mx\/wp-content\/uploads\/2019\/02\/31-480x217.jpg 480w\" sizes=\"auto, (max-width: 515px) 100vw, 515px\" \/><\/figure>\n\n\n\n<figure class=\"wp-block-image is-resized\"><img loading=\"lazy\" decoding=\"async\" width=\"375\" height=\"251\" src=\"https:\/\/dev.prolim.mx\/wp-content\/uploads\/2019\/02\/34-1.jpg\" alt=\"\" class=\"wp-image-4750\" style=\"width:625px;height:418px\" srcset=\"https:\/\/prolim.mx\/wp-content\/uploads\/2019\/02\/34-1.jpg 375w, https:\/\/prolim.mx\/wp-content\/uploads\/2019\/02\/34-1-272x182.jpg 272w\" sizes=\"auto, (max-width: 375px) 100vw, 375px\" \/><\/figure>\n\n\n\n<p><strong><em>M\u00f3dulo 10: Aplicaci\u00f3n de la Pol\u00edtica\nde Calidad PROLIM. <\/em><\/strong><\/p>\n\n\n\n<p>Este m\u00f3dulo es el que cierra el Diplomado y resalta la importancia de que nuestros colaboradores comprendan y apliquen el concepto de calidad en sus labores cotidianas, buscando generar un <strong><em>ambiente de excelencia en el trabajo<\/em><\/strong> que aporte valor a nuestros clientes y genere mejores condiciones laborales para nuestros colaboradores. <\/p>\n\n\n\n<figure class=\"wp-block-image is-resized\"><img loading=\"lazy\" decoding=\"async\" width=\"869\" height=\"271\" src=\"https:\/\/dev.prolim.mx\/wp-content\/uploads\/2019\/02\/48.jpg\" alt=\"\" class=\"wp-image-4754\" style=\"width:603px;height:187px\" srcset=\"https:\/\/prolim.mx\/wp-content\/uploads\/2019\/02\/48.jpg 869w, https:\/\/prolim.mx\/wp-content\/uploads\/2019\/02\/48-480x150.jpg 480w, https:\/\/prolim.mx\/wp-content\/uploads\/2019\/02\/48-768x240.jpg 768w, https:\/\/prolim.mx\/wp-content\/uploads\/2019\/02\/48-780x243.jpg 780w\" sizes=\"auto, (max-width: 869px) 100vw, 869px\" \/><\/figure>\n\n\n\n<figure class=\"wp-block-image is-resized\"><img loading=\"lazy\" decoding=\"async\" width=\"497\" height=\"322\" src=\"https:\/\/dev.prolim.mx\/wp-content\/uploads\/2019\/02\/53.jpg\" alt=\"\" class=\"wp-image-4755\" style=\"width:633px;height:410px\" srcset=\"https:\/\/prolim.mx\/wp-content\/uploads\/2019\/02\/53.jpg 497w, https:\/\/prolim.mx\/wp-content\/uploads\/2019\/02\/53-480x311.jpg 480w, https:\/\/prolim.mx\/wp-content\/uploads\/2019\/02\/53-417x270.jpg 417w, https:\/\/prolim.mx\/wp-content\/uploads\/2019\/02\/53-378x246.jpg 378w\" sizes=\"auto, (max-width: 497px) 100vw, 497px\" \/><\/figure>\n\n\n\n<figure class=\"wp-block-image is-resized\"><img loading=\"lazy\" decoding=\"async\" width=\"483\" height=\"254\" src=\"https:\/\/dev.prolim.mx\/wp-content\/uploads\/2019\/02\/55.jpg\" alt=\"\" class=\"wp-image-4756\" style=\"width:633px;height:333px\" srcset=\"https:\/\/prolim.mx\/wp-content\/uploads\/2019\/02\/55.jpg 483w, https:\/\/prolim.mx\/wp-content\/uploads\/2019\/02\/55-480x252.jpg 480w\" sizes=\"auto, (max-width: 483px) 100vw, 483px\" \/><\/figure>\n\n\n\n<p> Con estas intervenciones hemos logrado elevar nuestros \u00edndices de retenci\u00f3n en contratos, fomentar el desarrollo laboral, generar planes de vida y carrera a largo plazo y elevar los \u00edndices de satisfacci\u00f3n de nuestros clientes con el servicio brindado.  <\/p>\n\n\n\n<figure class=\"wp-block-image is-resized\"><img loading=\"lazy\" decoding=\"async\" width=\"517\" height=\"208\" src=\"https:\/\/dev.prolim.mx\/wp-content\/uploads\/2019\/02\/49.jpg\" alt=\"\" class=\"wp-image-4757\" style=\"width:633px;height:255px\" srcset=\"https:\/\/prolim.mx\/wp-content\/uploads\/2019\/02\/49.jpg 517w, https:\/\/prolim.mx\/wp-content\/uploads\/2019\/02\/49-480x193.jpg 480w\" sizes=\"auto, (max-width: 517px) 100vw, 517px\" \/><\/figure>\n\n\n\n<figure class=\"wp-block-image is-resized\"><img loading=\"lazy\" decoding=\"async\" width=\"513\" height=\"217\" src=\"https:\/\/dev.prolim.mx\/wp-content\/uploads\/2019\/02\/52.jpg\" alt=\"\" class=\"wp-image-4758\" style=\"width:641px;height:271px\" srcset=\"https:\/\/prolim.mx\/wp-content\/uploads\/2019\/02\/52.jpg 513w, https:\/\/prolim.mx\/wp-content\/uploads\/2019\/02\/52-480x203.jpg 480w\" sizes=\"auto, (max-width: 513px) 100vw, 513px\" \/><\/figure>\n\n\n\n<figure class=\"wp-block-image is-resized\"><img loading=\"lazy\" decoding=\"async\" width=\"448\" height=\"320\" src=\"https:\/\/dev.prolim.mx\/wp-content\/uploads\/2019\/02\/54.jpg\" alt=\"\" class=\"wp-image-4759\" style=\"width:629px;height:449px\" srcset=\"https:\/\/prolim.mx\/wp-content\/uploads\/2019\/02\/54.jpg 448w, https:\/\/prolim.mx\/wp-content\/uploads\/2019\/02\/54-378x270.jpg 378w\" sizes=\"auto, (max-width: 448px) 100vw, 448px\" \/><\/figure>\n\n\n\n<h2 class=\"wp-block-heading\"><strong>Re<em>cursos Humanos PROLIM.<\/em><\/strong><\/h2>\n\n\n\n<p><strong><em>Por una cultura organizacional de excelencia.<\/em><\/strong><\/p>\n","protected":false},"excerpt":{"rendered":"<p>Diplomado en Desarrollo Humano: Formaci\u00f3n de Talento Humano y Desarrollo de Plan de Vida y Carrera del Capital Humano en PROLIM.&nbsp; Con la participaci\u00f3n de m\u00e1s de 500 colaboradores en diferentes instalaciones de nuestros clientes y en nuestra sala de capacitaci\u00f3n \u201cMart\u00edn Lucio\u201d, se ha implementado, desde inicios del 2018, cursos de capacitaci\u00f3n y formaci\u00f3n [&hellip;]<\/p>\n","protected":false},"author":1,"featured_media":4755,"comment_status":"open","ping_status":"closed","sticky":false,"template":"","format":"standard","meta":{"_joinchat":[],"footnotes":""},"categories":[50],"tags":[],"class_list":["post-4713","post","type-post","status-publish","format-standard","has-post-thumbnail","hentry","category-capacitacion"],"blocksy_meta":{"styles_descriptor":{"styles":{"desktop":"","tablet":"","mobile":""},"google_fonts":[],"version":6}},"featured_image_urls_v2":{"full":["https:\/\/prolim.mx\/wp-content\/uploads\/2019\/02\/53.jpg",497,322,false],"thumbnail":["https:\/\/prolim.mx\/wp-content\/uploads\/2019\/02\/53-150x150.jpg",150,150,true],"medium":["https:\/\/prolim.mx\/wp-content\/uploads\/2019\/02\/53-480x311.jpg",480,311,true],"medium_large":["https:\/\/prolim.mx\/wp-content\/uploads\/2019\/02\/53.jpg",497,322,false],"large":["https:\/\/prolim.mx\/wp-content\/uploads\/2019\/02\/53.jpg",497,322,false],"1536x1536":["https:\/\/prolim.mx\/wp-content\/uploads\/2019\/02\/53.jpg",497,322,false],"2048x2048":["https:\/\/prolim.mx\/wp-content\/uploads\/2019\/02\/53.jpg",497,322,false],"smart-post-landscape":["https:\/\/prolim.mx\/wp-content\/uploads\/2019\/02\/53.jpg",497,322,false],"smart-post-portrait":["https:\/\/prolim.mx\/wp-content\/uploads\/2019\/02\/53.jpg",497,322,false]},"post_excerpt_stackable_v2":"<p>Diplomado en Desarrollo Humano: Formaci\u00f3n de Talento Humano y Desarrollo de Plan de Vida y Carrera del Capital Humano en PROLIM.&nbsp; Con la participaci\u00f3n de m\u00e1s de 500 colaboradores en diferentes instalaciones de nuestros clientes y en nuestra sala de capacitaci\u00f3n \u201cMart\u00edn Lucio\u201d, se ha implementado, desde inicios del 2018, cursos de capacitaci\u00f3n y formaci\u00f3n t\u00e9cnico \u2013 humana que son parte integral del Programa de Capacitaci\u00f3n y Desarrollo Humano de Grupo PROLIM. Nuestros colaboradores reciben diferentes m\u00f3dulos de formaci\u00f3n t\u00e9cnico profesional que fortalece sus habilidades operativas, actitudinales, afectivas y conductuales para brindar un servicio de alta calidad y excelencia. Cada&hellip;<\/p>\n","category_list_v2":"<a href=\"https:\/\/prolim.mx\/index.php\/category\/capacitacion\/\" rel=\"category tag\">Capacitaci\u00f3n<\/a>","author_info_v2":{"name":"INGMARMP","url":"https:\/\/prolim.mx\/index.php\/author\/null_oqf6b375\/"},"comments_num_v2":"0 comentarios","_links":{"self":[{"href":"https:\/\/prolim.mx\/index.php\/wp-json\/wp\/v2\/posts\/4713","targetHints":{"allow":["GET"]}}],"collection":[{"href":"https:\/\/prolim.mx\/index.php\/wp-json\/wp\/v2\/posts"}],"about":[{"href":"https:\/\/prolim.mx\/index.php\/wp-json\/wp\/v2\/types\/post"}],"author":[{"embeddable":true,"href":"https:\/\/prolim.mx\/index.php\/wp-json\/wp\/v2\/users\/1"}],"replies":[{"embeddable":true,"href":"https:\/\/prolim.mx\/index.php\/wp-json\/wp\/v2\/comments?post=4713"}],"version-history":[{"count":4,"href":"https:\/\/prolim.mx\/index.php\/wp-json\/wp\/v2\/posts\/4713\/revisions"}],"predecessor-version":[{"id":27470,"href":"https:\/\/prolim.mx\/index.php\/wp-json\/wp\/v2\/posts\/4713\/revisions\/27470"}],"wp:featuredmedia":[{"embeddable":true,"href":"https:\/\/prolim.mx\/index.php\/wp-json\/wp\/v2\/media\/4755"}],"wp:attachment":[{"href":"https:\/\/prolim.mx\/index.php\/wp-json\/wp\/v2\/media?parent=4713"}],"wp:term":[{"taxonomy":"category","embeddable":true,"href":"https:\/\/prolim.mx\/index.php\/wp-json\/wp\/v2\/categories?post=4713"},{"taxonomy":"post_tag","embeddable":true,"href":"https:\/\/prolim.mx\/index.php\/wp-json\/wp\/v2\/tags?post=4713"}],"curies":[{"name":"wp","href":"https:\/\/api.w.org\/{rel}","templated":true}]}}