{"id":4579,"date":"2019-02-08T22:02:10","date_gmt":"2019-02-08T22:02:10","guid":{"rendered":"http:\/\/prolim.mx\/?p=4579"},"modified":"2019-02-20T00:57:47","modified_gmt":"2019-02-20T00:57:47","slug":"semana-prolim-de-la-salud-2018","status":"publish","type":"post","link":"https:\/\/prolim.mx\/index.php\/2019\/02\/08\/semana-prolim-de-la-salud-2018\/","title":{"rendered":"Semana PROLIM de la Salud."},"content":{"rendered":"<p><img loading=\"lazy\" decoding=\"async\" class=\"alignnone size-medium wp-image-4194\" src=\"https:\/\/dev.prolim.mx\/wp-content\/uploads\/2018\/06\/Contacto-2-480x148.jpg\" alt=\"\" width=\"480\" height=\"148\" srcset=\"https:\/\/prolim.mx\/wp-content\/uploads\/2018\/06\/Contacto-2-480x148.jpg 480w, https:\/\/prolim.mx\/wp-content\/uploads\/2018\/06\/Contacto-2.jpg 589w\" sizes=\"auto, (max-width: 480px) 100vw, 480px\" \/><\/p>\n<p><img loading=\"lazy\" decoding=\"async\" class=\"alignnone size-medium wp-image-4580\" src=\"https:\/\/dev.prolim.mx\/wp-content\/uploads\/2019\/02\/FSALUD1-480x264.jpg\" alt=\"\" width=\"480\" height=\"264\" srcset=\"https:\/\/prolim.mx\/wp-content\/uploads\/2019\/02\/FSALUD1-480x264.jpg 480w, https:\/\/prolim.mx\/wp-content\/uploads\/2019\/02\/FSALUD1.jpg 516w\" sizes=\"auto, (max-width: 480px) 100vw, 480px\" \/><\/p>\n<h3>Como parte de nuestro <strong><em>Programa Permanente de Responsabilidad Social y Desarrollo Humano<\/em><\/strong> y a trav\u00e9s del <strong><em>Comit\u00e9 de Responsabilidad Social 2018<\/em><\/strong>, se ha realizado una alianza estrat\u00e9gica con la organizaci\u00f3n <strong><em>MEDIX<\/em><\/strong> (<a href=\"https:\/\/www.medix.com.mx\">https:\/\/www.medix.com.mx<\/a>), para celebrar La Semana PROLIM<strong><em>\u00a0de la Salud<\/em><\/strong> que tiene como principal objetivo <strong><em>fomentar una cultura de salud y bienestar entre nuestros colaboradores<\/em><\/strong>.<\/h3>\n<p><img loading=\"lazy\" decoding=\"async\" class=\"alignnone size-full wp-image-4581\" src=\"https:\/\/dev.prolim.mx\/wp-content\/uploads\/2019\/02\/FSALUD2.jpg\" alt=\"\" width=\"472\" height=\"274\" srcset=\"https:\/\/prolim.mx\/wp-content\/uploads\/2019\/02\/FSALUD2.jpg 472w, https:\/\/prolim.mx\/wp-content\/uploads\/2019\/02\/FSALUD2-465x270.jpg 465w\" sizes=\"auto, (max-width: 472px) 100vw, 472px\" \/><\/p>\n<h3>Este a\u00f1o logramos una alianza con este proveedor especializado en temas de salud, quienes nos visitaron durante una semana del mes de\u00a0<strong><em>Octubre 2018<\/em><\/strong> en <strong><em>Oficinas CDMX<\/em><\/strong>, para realizar chequeos de: <strong><em>peso, nutrici\u00f3n, salud, presi\u00f3n arterial, niveles de glucosa<\/em><\/strong><strong><em>, triglic\u00e9ridos y colesterol.<\/em><\/strong><\/h3>\n<p><img loading=\"lazy\" decoding=\"async\" class=\"alignnone size-medium wp-image-4583\" src=\"https:\/\/dev.prolim.mx\/wp-content\/uploads\/2019\/02\/FSALUD4-480x273.jpg\" alt=\"\" width=\"480\" height=\"273\" srcset=\"https:\/\/prolim.mx\/wp-content\/uploads\/2019\/02\/FSALUD4-480x273.jpg 480w, https:\/\/prolim.mx\/wp-content\/uploads\/2019\/02\/FSALUD4-475x270.jpg 475w, https:\/\/prolim.mx\/wp-content\/uploads\/2019\/02\/FSALUD4.jpg 530w\" sizes=\"auto, (max-width: 480px) 100vw, 480px\" \/><\/p>\n<h3><strong><em>Recuerda que para PROLIM es muy importante tu salud, <\/em><\/strong>atendiendo\u00a0a todos los\u00a0<em style=\"font-weight: bold;\">administrativos,\u00a0<\/em><strong><em>Supervisores y encargados de Grupo PROLIM. <\/em><\/strong><\/h3>\n<p><img loading=\"lazy\" decoding=\"async\" class=\"alignnone size-medium wp-image-4582\" src=\"https:\/\/dev.prolim.mx\/wp-content\/uploads\/2019\/02\/FSALUD3-480x264.jpg\" alt=\"\" width=\"480\" height=\"264\" srcset=\"https:\/\/prolim.mx\/wp-content\/uploads\/2019\/02\/FSALUD3-480x264.jpg 480w, https:\/\/prolim.mx\/wp-content\/uploads\/2019\/02\/FSALUD3.jpg 570w\" sizes=\"auto, (max-width: 480px) 100vw, 480px\" \/><\/p>\n<h2><strong><em>Comit\u00e9 de Responsabilidad Social PROLIM 2019.<\/em><\/strong><\/h2>\n<h3><em>Comprometidos con tu bienestar integral.<\/em><\/h3>\n<p>&nbsp;<\/p>\n","protected":false},"excerpt":{"rendered":"<p>Como parte de nuestro Programa Permanente de Responsabilidad Social y Desarrollo Humano y a trav\u00e9s del Comit\u00e9 de Responsabilidad Social 2018, se ha realizado una alianza estrat\u00e9gica con la organizaci\u00f3n MEDIX (https:\/\/www.medix.com.mx), para celebrar La Semana PROLIM\u00a0de la Salud que tiene como principal objetivo fomentar una cultura de salud y bienestar entre nuestros colaboradores. Este [&hellip;]<\/p>\n","protected":false},"author":1,"featured_media":4580,"comment_status":"open","ping_status":"closed","sticky":false,"template":"","format":"standard","meta":{"_joinchat":[],"footnotes":""},"categories":[49],"tags":[],"class_list":["post-4579","post","type-post","status-publish","format-standard","has-post-thumbnail","hentry","category-responsabilidad-social"],"blocksy_meta":{"styles_descriptor":{"styles":{"desktop":"","tablet":"","mobile":""},"google_fonts":[],"version":6}},"featured_image_urls_v2":{"full":["https:\/\/prolim.mx\/wp-content\/uploads\/2019\/02\/FSALUD1.jpg",516,284,false],"thumbnail":["https:\/\/prolim.mx\/wp-content\/uploads\/2019\/02\/FSALUD1-150x150.jpg",150,150,true],"medium":["https:\/\/prolim.mx\/wp-content\/uploads\/2019\/02\/FSALUD1-480x264.jpg",480,264,true],"medium_large":["https:\/\/prolim.mx\/wp-content\/uploads\/2019\/02\/FSALUD1.jpg",516,284,false],"large":["https:\/\/prolim.mx\/wp-content\/uploads\/2019\/02\/FSALUD1.jpg",516,284,false],"1536x1536":["https:\/\/prolim.mx\/wp-content\/uploads\/2019\/02\/FSALUD1.jpg",516,284,false],"2048x2048":["https:\/\/prolim.mx\/wp-content\/uploads\/2019\/02\/FSALUD1.jpg",516,284,false],"smart-post-landscape":["https:\/\/prolim.mx\/wp-content\/uploads\/2019\/02\/FSALUD1.jpg",516,284,false],"smart-post-portrait":["https:\/\/prolim.mx\/wp-content\/uploads\/2019\/02\/FSALUD1.jpg",516,284,false]},"post_excerpt_stackable_v2":"<p>Como parte de nuestro Programa Permanente de Responsabilidad Social y Desarrollo Humano y a trav\u00e9s del Comit\u00e9 de Responsabilidad Social 2018, se ha realizado una alianza estrat\u00e9gica con la organizaci\u00f3n MEDIX (https:\/\/www.medix.com.mx), para celebrar La Semana PROLIM\u00a0de la Salud que tiene como principal objetivo fomentar una cultura de salud y bienestar entre nuestros colaboradores. Este a\u00f1o logramos una alianza con este proveedor especializado en temas de salud, quienes nos visitaron durante una semana del mes de\u00a0Octubre 2018 en Oficinas CDMX, para realizar chequeos de: peso, nutrici\u00f3n, salud, presi\u00f3n arterial, niveles de glucosa, triglic\u00e9ridos y colesterol. Recuerda que para PROLIM es&hellip;<\/p>\n","category_list_v2":"<a href=\"https:\/\/prolim.mx\/index.php\/category\/responsabilidad-social\/\" rel=\"category tag\">Responsabilidad Social<\/a>","author_info_v2":{"name":"INGMARMP","url":"https:\/\/prolim.mx\/index.php\/author\/null_oqf6b375\/"},"comments_num_v2":"0 comentarios","_links":{"self":[{"href":"https:\/\/prolim.mx\/index.php\/wp-json\/wp\/v2\/posts\/4579","targetHints":{"allow":["GET"]}}],"collection":[{"href":"https:\/\/prolim.mx\/index.php\/wp-json\/wp\/v2\/posts"}],"about":[{"href":"https:\/\/prolim.mx\/index.php\/wp-json\/wp\/v2\/types\/post"}],"author":[{"embeddable":true,"href":"https:\/\/prolim.mx\/index.php\/wp-json\/wp\/v2\/users\/1"}],"replies":[{"embeddable":true,"href":"https:\/\/prolim.mx\/index.php\/wp-json\/wp\/v2\/comments?post=4579"}],"version-history":[{"count":2,"href":"https:\/\/prolim.mx\/index.php\/wp-json\/wp\/v2\/posts\/4579\/revisions"}],"predecessor-version":[{"id":4685,"href":"https:\/\/prolim.mx\/index.php\/wp-json\/wp\/v2\/posts\/4579\/revisions\/4685"}],"wp:featuredmedia":[{"embeddable":true,"href":"https:\/\/prolim.mx\/index.php\/wp-json\/wp\/v2\/media\/4580"}],"wp:attachment":[{"href":"https:\/\/prolim.mx\/index.php\/wp-json\/wp\/v2\/media?parent=4579"}],"wp:term":[{"taxonomy":"category","embeddable":true,"href":"https:\/\/prolim.mx\/index.php\/wp-json\/wp\/v2\/categories?post=4579"},{"taxonomy":"post_tag","embeddable":true,"href":"https:\/\/prolim.mx\/index.php\/wp-json\/wp\/v2\/tags?post=4579"}],"curies":[{"name":"wp","href":"https:\/\/api.w.org\/{rel}","templated":true}]}}