{"id":4083,"date":"2018-06-07T02:19:14","date_gmt":"2018-06-07T02:19:14","guid":{"rendered":"http:\/\/prolim.mx\/?p=4083"},"modified":"2019-02-27T17:34:22","modified_gmt":"2019-02-27T17:34:22","slug":"afiliacion-de-prolim-a-la-asociacion-mexicana-en-direccion-de-recursos-humanos-ac-amedhir","status":"publish","type":"post","link":"https:\/\/prolim.mx\/index.php\/2018\/06\/07\/afiliacion-de-prolim-a-la-asociacion-mexicana-en-direccion-de-recursos-humanos-ac-amedhir\/","title":{"rendered":"Afiliaci\u00f3n de PROLIM a la Asociaci\u00f3n Mexicana en Direcci\u00f3n de Recursos Humanos AC (AMEDIRH)."},"content":{"rendered":"\n<figure class=\"wp-block-image\"><img loading=\"lazy\" decoding=\"async\" width=\"480\" height=\"148\" src=\"https:\/\/dev.prolim.mx\/wp-content\/uploads\/2018\/06\/Contacto-2-480x148.jpg\" alt=\"\" class=\"wp-image-4194\" srcset=\"https:\/\/prolim.mx\/wp-content\/uploads\/2018\/06\/Contacto-2-480x148.jpg 480w, https:\/\/prolim.mx\/wp-content\/uploads\/2018\/06\/Contacto-2.jpg 589w\" sizes=\"auto, (max-width: 480px) 100vw, 480px\" \/><\/figure>\n\n\n\n<h2 class=\"wp-block-heading\"><em><strong>Afiliaci\u00f3n de PROLIM a la Asociaci\u00f3n Mexicana en Direcci\u00f3n de Recursos Humanos AC (AMEDIRH: www.amedirh.com.mx).<\/strong><\/em><\/h2>\n\n\n\n<figure class=\"wp-block-image\"><img loading=\"lazy\" decoding=\"async\" width=\"480\" height=\"180\" src=\"https:\/\/dev.prolim.mx\/wp-content\/uploads\/2018\/06\/AMEDIRH-480x180.jpg\" alt=\"\" class=\"wp-image-4084\" srcset=\"https:\/\/prolim.mx\/wp-content\/uploads\/2018\/06\/AMEDIRH-480x180.jpg 480w, https:\/\/prolim.mx\/wp-content\/uploads\/2018\/06\/AMEDIRH-768x288.jpg 768w, https:\/\/prolim.mx\/wp-content\/uploads\/2018\/06\/AMEDIRH-780x293.jpg 780w, https:\/\/prolim.mx\/wp-content\/uploads\/2018\/06\/AMEDIRH-880x330.jpg 880w, https:\/\/prolim.mx\/wp-content\/uploads\/2018\/06\/AMEDIRH.jpg 960w\" sizes=\"auto, (max-width: 480px) 100vw, 480px\" \/><\/figure>\n\n\n\n<p>Con mucho gusto les compartimos que, el 14 de mayo 2018, fuimos aceptados como miembros titulares de la <strong><em>Asociaci\u00f3n Mexicana de Direcci\u00f3n de Recursos Humanos AC<\/em><\/strong>, la instituci\u00f3n <strong><em>m\u00e1s importante en nuestro pa\u00eds en desarrollo y actualizaci\u00f3n de Recursos Humanos.<\/em><\/strong><\/p>\n\n\n\n<p>Con esta afiliaci\u00f3n nos mantendremos actualizados en temas de Recursos Humanos, sumando acciones y estrategias para <strong><em>mantener a nuestros colaboradores en ambientes positivos, brindando la calidad y excelencia en el servicio que nos caracteriza.<\/em><\/strong><\/p>\n\n\n\n<p>Nuestro <em><strong>Comit\u00e9 de Calidad y Departamento de Recursos Humanos<\/strong><\/em> estar\u00e1 participando activamente en los Comit\u00e9s especializados en:<\/p>\n\n\n\n<p>&#8211; Comit\u00e9 de Selecci\u00f3n de Talento y Capacitaci\u00f3n<br>&#8211; Comit\u00e9 de Relaciones Laborales<br>&#8211; Comit\u00e9 de Diversidad<br>&#8211; Comit\u00e9 de Clima Organizacional<br>&#8211; Comit\u00e9 Fiscal y de Seguridad Social<br>&#8211; Comit\u00e9 de Salud<br>&#8211; Comit\u00e9 de Tecnolog\u00eda aplicada a RH<br>&#8211; Comit\u00e9 de Compensaciones<br>&#8211; Comit\u00e9 de Comunicaci\u00f3n<br>&#8211; Comit\u00e9 de Innovaci\u00f3n<\/p>\n\n\n\n<p>Adem\u00e1s estaremos participando en el <em><strong>53 Congreso Internacional de Recursos Humanos<\/strong><\/em>:<\/p>\n\n\n\n<figure class=\"wp-block-embed-youtube wp-block-embed is-type-video is-provider-youtube wp-embed-aspect-16-9 wp-has-aspect-ratio\"><div class=\"wp-block-embed__wrapper\">\n<iframe loading=\"lazy\" title=\"VIDEO MEMORIA 52\u00b0 Congreso Internacional de Recursos Humanos\" width=\"1290\" height=\"726\" src=\"https:\/\/www.youtube.com\/embed\/gbR3ry4iQ94?feature=oembed\" frameborder=\"0\" allow=\"accelerometer; autoplay; clipboard-write; encrypted-media; gyroscope; picture-in-picture\" allowfullscreen><\/iframe>\n<\/div><\/figure>\n\n\n\n<p>y en la Revista especializada: Creando Valor RH:<\/p>\n\n\n\n<h2 class=\"wp-block-heading\"><em><strong>&nbsp;www.amedirh.com.mx\/revistarh&nbsp;<\/strong><\/em><\/h2>\n\n\n\n<h2 class=\"wp-block-heading\"><span style=\"color: #003366;\"><strong><em>Comit\u00e9 de Calidad &amp; Recursos Humanos.<\/em><\/strong><\/span><\/h2>\n\n\n\n<p><\/p>\n","protected":false},"excerpt":{"rendered":"<p>Afiliaci\u00f3n de PROLIM a la Asociaci\u00f3n Mexicana en Direcci\u00f3n de Recursos Humanos AC (AMEDIRH: www.amedirh.com.mx). Con mucho gusto les compartimos que, el 14 de mayo 2018, fuimos aceptados como miembros titulares de la Asociaci\u00f3n Mexicana de Direcci\u00f3n de Recursos Humanos AC, la instituci\u00f3n m\u00e1s importante en nuestro pa\u00eds en desarrollo y actualizaci\u00f3n de Recursos Humanos. [&hellip;]<\/p>\n","protected":false},"author":1,"featured_media":4084,"comment_status":"open","ping_status":"closed","sticky":false,"template":"","format":"standard","meta":{"_joinchat":[],"footnotes":""},"categories":[43],"tags":[],"class_list":["post-4083","post","type-post","status-publish","format-standard","has-post-thumbnail","hentry","category-recursos-humanos"],"blocksy_meta":{"styles_descriptor":{"styles":{"desktop":"","tablet":"","mobile":""},"google_fonts":[],"version":6}},"featured_image_urls_v2":{"full":["https:\/\/prolim.mx\/wp-content\/uploads\/2018\/06\/AMEDIRH.jpg",960,360,false],"thumbnail":["https:\/\/prolim.mx\/wp-content\/uploads\/2018\/06\/AMEDIRH-150x150.jpg",150,150,true],"medium":["https:\/\/prolim.mx\/wp-content\/uploads\/2018\/06\/AMEDIRH-480x180.jpg",480,180,true],"medium_large":["https:\/\/prolim.mx\/wp-content\/uploads\/2018\/06\/AMEDIRH-768x288.jpg",768,288,true],"large":["https:\/\/prolim.mx\/wp-content\/uploads\/2018\/06\/AMEDIRH.jpg",960,360,false],"1536x1536":["https:\/\/prolim.mx\/wp-content\/uploads\/2018\/06\/AMEDIRH.jpg",960,360,false],"2048x2048":["https:\/\/prolim.mx\/wp-content\/uploads\/2018\/06\/AMEDIRH.jpg",960,360,false],"smart-post-landscape":["https:\/\/prolim.mx\/wp-content\/uploads\/2018\/06\/AMEDIRH.jpg",870,326,false],"smart-post-portrait":["https:\/\/prolim.mx\/wp-content\/uploads\/2018\/06\/AMEDIRH.jpg",600,225,false]},"post_excerpt_stackable_v2":"<p>Afiliaci\u00f3n de PROLIM a la Asociaci\u00f3n Mexicana en Direcci\u00f3n de Recursos Humanos AC (AMEDIRH: www.amedirh.com.mx). Con mucho gusto les compartimos que, el 14 de mayo 2018, fuimos aceptados como miembros titulares de la Asociaci\u00f3n Mexicana de Direcci\u00f3n de Recursos Humanos AC, la instituci\u00f3n m\u00e1s importante en nuestro pa\u00eds en desarrollo y actualizaci\u00f3n de Recursos Humanos. Con esta afiliaci\u00f3n nos mantendremos actualizados en temas de Recursos Humanos, sumando acciones y estrategias para mantener a nuestros colaboradores en ambientes positivos, brindando la calidad y excelencia en el servicio que nos caracteriza. Nuestro Comit\u00e9 de Calidad y Departamento de Recursos Humanos estar\u00e1 participando&hellip;<\/p>\n","category_list_v2":"<a href=\"https:\/\/prolim.mx\/index.php\/category\/recursos-humanos\/\" rel=\"category tag\">Recursos Humanos<\/a>","author_info_v2":{"name":"INGMARMP","url":"https:\/\/prolim.mx\/index.php\/author\/null_oqf6b375\/"},"comments_num_v2":"0 comentarios","_links":{"self":[{"href":"https:\/\/prolim.mx\/index.php\/wp-json\/wp\/v2\/posts\/4083","targetHints":{"allow":["GET"]}}],"collection":[{"href":"https:\/\/prolim.mx\/index.php\/wp-json\/wp\/v2\/posts"}],"about":[{"href":"https:\/\/prolim.mx\/index.php\/wp-json\/wp\/v2\/types\/post"}],"author":[{"embeddable":true,"href":"https:\/\/prolim.mx\/index.php\/wp-json\/wp\/v2\/users\/1"}],"replies":[{"embeddable":true,"href":"https:\/\/prolim.mx\/index.php\/wp-json\/wp\/v2\/comments?post=4083"}],"version-history":[{"count":12,"href":"https:\/\/prolim.mx\/index.php\/wp-json\/wp\/v2\/posts\/4083\/revisions"}],"predecessor-version":[{"id":4904,"href":"https:\/\/prolim.mx\/index.php\/wp-json\/wp\/v2\/posts\/4083\/revisions\/4904"}],"wp:featuredmedia":[{"embeddable":true,"href":"https:\/\/prolim.mx\/index.php\/wp-json\/wp\/v2\/media\/4084"}],"wp:attachment":[{"href":"https:\/\/prolim.mx\/index.php\/wp-json\/wp\/v2\/media?parent=4083"}],"wp:term":[{"taxonomy":"category","embeddable":true,"href":"https:\/\/prolim.mx\/index.php\/wp-json\/wp\/v2\/categories?post=4083"},{"taxonomy":"post_tag","embeddable":true,"href":"https:\/\/prolim.mx\/index.php\/wp-json\/wp\/v2\/tags?post=4083"}],"curies":[{"name":"wp","href":"https:\/\/api.w.org\/{rel}","templated":true}]}}