{"id":3955,"date":"2018-06-05T23:14:50","date_gmt":"2018-06-05T23:14:50","guid":{"rendered":"http:\/\/prolim.mx\/?p=3955"},"modified":"2019-02-27T18:59:46","modified_gmt":"2019-02-27T18:59:46","slug":"comite-de-responsabilidad-social-gracias-por-participar-en-nuestra-actividad-navidena","status":"publish","type":"post","link":"https:\/\/prolim.mx\/index.php\/2018\/06\/05\/comite-de-responsabilidad-social-gracias-por-participar-en-nuestra-actividad-navidena\/","title":{"rendered":"Comit\u00e9 de Responsabilidad Social:  Gracias por participar en nuestra actividad navide\u00f1a."},"content":{"rendered":"\n<div class=\"wp-block-image\"><figure class=\"aligncenter\"><img loading=\"lazy\" decoding=\"async\" width=\"480\" height=\"148\" src=\"https:\/\/dev.prolim.mx\/wp-content\/uploads\/2018\/06\/Contacto-1-480x148.jpg\" alt=\"\" class=\"wp-image-3933\" srcset=\"https:\/\/prolim.mx\/wp-content\/uploads\/2018\/06\/Contacto-1-480x148.jpg 480w, https:\/\/prolim.mx\/wp-content\/uploads\/2018\/06\/Contacto-1.jpg 589w\" sizes=\"auto, (max-width: 480px) 100vw, 480px\" \/><\/figure><\/div>\n\n\n\n<div class=\"wp-block-image\"><figure class=\"aligncenter is-resized\"><img loading=\"lazy\" decoding=\"async\" src=\"https:\/\/dev.prolim.mx\/wp-content\/uploads\/2018\/06\/NAV1.jpg\" alt=\"\" class=\"wp-image-3957\" width=\"455\" height=\"405\" srcset=\"https:\/\/prolim.mx\/wp-content\/uploads\/2018\/06\/NAV1.jpg 346w, https:\/\/prolim.mx\/wp-content\/uploads\/2018\/06\/NAV1-303x270.jpg 303w\" sizes=\"auto, (max-width: 455px) 100vw, 455px\" \/><\/figure><\/div>\n\n\n\n<p>Gracias a tu entusiasta y activa participaci\u00f3n celebramos una hermosa&nbsp; actividad familiar el pasado s\u00e1bado 25 de diciembre, 2017, misma que les compartimos en im\u00e1genes a continuaci\u00f3n junto con la historia de la navidad en M\u00e9xico y el mundo:<\/p>\n\n\n\n<h2 class=\"wp-block-heading\"><figure><img loading=\"lazy\" decoding=\"async\" class=\"alignnone  wp-image-3958 aligncenter\" src=\"https:\/\/dev.prolim.mx\/wp-content\/uploads\/2018\/06\/NAV2.jpg\" alt=\"\" width=\"210\" height=\"346\" srcset=\"https:\/\/prolim.mx\/wp-content\/uploads\/2018\/06\/NAV2.jpg 187w, https:\/\/prolim.mx\/wp-content\/uploads\/2018\/06\/NAV2-164x270.jpg 164w\" sizes=\"auto, (max-width: 210px) 100vw, 210px\" \/><\/figure><\/h2>\n\n\n\n<h1 class=\"wp-block-heading\"><em><strong>Breve historia de la navidad en M\u00e9xico y el Mundo.<\/strong><\/em><\/h1>\n\n\n\n<p>La Navidad como celebraci\u00f3n es el resultado de la combinaci\u00f3n de tradiciones y costumbres originadas en diversas partes del mundo.&nbsp;En Mesopotamia se cre\u00f3 la tradici\u00f3n de celebrar doce d\u00edas hacia el final del a\u00f1o, a manera de representar la lucha entre el caos y el orden, en forma de la serpiente Tiamat y el dios Marduk respectivamente. Marduk deb\u00eda derrotar a la serpiente y luego descender al inframundo acompa\u00f1ado por el rey en turno (que mor\u00eda igual que el a\u00f1o), y&nbsp;regresaba con un nuevo rey. Babilonios y persas heredaron esta tradici\u00f3n, pero reemplazaron al rey humano por un par de chivos, uno era sacrificado para la limpieza de&nbsp;los pecados y el otro para&nbsp;ser ofrecido al diablo, \u00e9ste \u00faltimo no era sacrificado sino que se le soltaba para que huyera, de all\u00ed viene la frase \u2018chivo expiatorio\u2019 en ingl\u00e9s:&nbsp;<em>scapegoat<\/em>.<\/p>\n\n\n\n<div class=\"wp-block-image\"><figure class=\"aligncenter is-resized\"><img loading=\"lazy\" decoding=\"async\" src=\"https:\/\/dev.prolim.mx\/wp-content\/uploads\/2018\/06\/nav3.jpg\" alt=\"\" class=\"wp-image-3956\" width=\"411\" height=\"290\"\/><\/figure><\/div>\n\n\n\n<p>Influenciados por los Babilonios y Persas, los Griegos tambi\u00e9n incorporaron una celebraci\u00f3n de fin de a\u00f1o a sus tradiciones, pero en este caso representaban a Zeus luchando contra Cronos, su padre; estas fiestas se denominaban&nbsp;<em>sacae<\/em>. Los Romanos tambi\u00e9n adoptaron estas festividades, pero en lugar de Cronos ellos ten\u00edan a Saturno, motivo por el cual las celebraciones se llamaban las&nbsp;<em>saturnalias<\/em>.<\/p>\n\n\n\n<p><em>Las saturnalias iniciaban, a mediados de diciembre, con un sacrificio en el templo de Saturno, seguido de un banquete p\u00fablico. Duraban hasta el primero de enero, en medio quedaba el 25 de diciembre, d\u00eda que, seg\u00fan los c\u00e1lculos romanos, el sol estaba en su punto m\u00e1s bajo de su recorrido, justo antes de volver a elevarse para transmitir su fuerza a todo lo que crece en la tierra e inmediatamente ven\u00edan las calendas de enero. En las festividades, amos y esclavos com\u00edan juntos y a veces intercambiaban sus puestos. Se eleg\u00eda a uno de los esclavos para que fungiera como jefe del festejo de la casa.<\/em><\/p>\n\n\n\n<div class=\"wp-block-image\"><figure class=\"aligncenter is-resized\"><img loading=\"lazy\" decoding=\"async\" src=\"https:\/\/dev.prolim.mx\/wp-content\/uploads\/2018\/06\/Nav3.jpg\" alt=\"\" class=\"wp-image-3959\" width=\"305\" height=\"418\"\/><\/figure><\/div>\n\n\n\n<p><em>Las saturnales romanas y las calendas se caracterizaban por bulliciosas. Las calles eran el espacio de las festividades, los romanos iban disfrazados por ellas, organizaban comilonas, visitaban a los amigos, les deseaban buena fortuna e intercambiaban regalos llamados strenae. \u00c9stos consist\u00edan en frutas cuya finalidad era desear suerte durante el a\u00f1o venidero. Esta costumbre se remonta a tiempos de Tacio, rey de los sabinos.<\/em><\/p>\n\n\n\n<p>En el a\u00f1o 350, el papa Julio I estableci\u00f3 que la Natividad de Cristo se celebrar\u00eda el 25 de diciembre y no el 6 de enero, fiesta de la epifan\u00eda. Este es el origen de la Navidad Cristiana, y se celebraban misas durante doce d\u00edas, en los pueblos del norte de Europa se les llamaba&nbsp;<em>Crist\u2019s Mass<\/em>o Misa de Cristo, de donde se origin\u00f3 la palabra actual&nbsp;<em>Christmas<\/em>&nbsp;en ingl\u00e9s.<\/p>\n\n\n\n<div class=\"wp-block-image\"><figure class=\"aligncenter is-resized\"><img loading=\"lazy\" decoding=\"async\" src=\"https:\/\/dev.prolim.mx\/wp-content\/uploads\/2018\/06\/nav4.jpg\" alt=\"\" class=\"wp-image-3960\" width=\"302\" height=\"494\" srcset=\"https:\/\/prolim.mx\/wp-content\/uploads\/2018\/06\/nav4.jpg 237w, https:\/\/prolim.mx\/wp-content\/uploads\/2018\/06\/nav4-165x270.jpg 165w\" sizes=\"auto, (max-width: 302px) 100vw, 302px\" \/><\/figure><\/div>\n\n\n\n<p>Hacia el a\u00f1o 742, Bonifacio, que era el arzobispo de Maguncia y llamado el ap\u00f3stol de Alemania, erradic\u00f3 las tradiciones paganas de adorar a los \u00e1rboles al estilo de los druidas y otras religiones no cristianas, y reemplaz\u00f3 el roble por un pino adornado con manzanas (representando el pecado original y la tentaci\u00f3n) y velas (como s\u00edmbolo de que Jes\u00fas era la luz del mundo).<\/p>\n\n\n\n<div class=\"wp-block-image\"><figure class=\"aligncenter is-resized\"><img loading=\"lazy\" decoding=\"async\" src=\"https:\/\/dev.prolim.mx\/wp-content\/uploads\/2018\/06\/nav5.jpg\" alt=\"\" class=\"wp-image-3961\" width=\"299\" height=\"504\" srcset=\"https:\/\/prolim.mx\/wp-content\/uploads\/2018\/06\/nav5.jpg 225w, https:\/\/prolim.mx\/wp-content\/uploads\/2018\/06\/nav5-160x270.jpg 160w\" sizes=\"auto, (max-width: 299px) 100vw, 299px\" \/><\/figure><\/div>\n\n\n\n<p>El a\u00f1o 1225 en el pueblo de Creccio, situado entre Roma y As\u00eds, San Francisco ubic\u00f3 una gruta donde escenific\u00f3 el primer nacimiento viviente, antecedente directo de los nacimientos tradicionales mexicanos. Se anim\u00f3 esa ocasi\u00f3n con m\u00fasica y cantos que ahora llamamos villancicos.<\/p>\n\n\n\n<div class=\"wp-block-image\"><figure class=\"aligncenter is-resized\"><img loading=\"lazy\" decoding=\"async\" src=\"https:\/\/dev.prolim.mx\/wp-content\/uploads\/2018\/06\/nav6.jpg\" alt=\"\" class=\"wp-image-3962\" width=\"496\" height=\"459\" srcset=\"https:\/\/prolim.mx\/wp-content\/uploads\/2018\/06\/nav6.jpg 437w, https:\/\/prolim.mx\/wp-content\/uploads\/2018\/06\/nav6-292x270.jpg 292w\" sizes=\"auto, (max-width: 496px) 100vw, 496px\" \/><\/figure><\/div>\n\n\n\n<div class=\"wp-block-image\"><figure class=\"aligncenter is-resized\"><img loading=\"lazy\" decoding=\"async\" src=\"https:\/\/dev.prolim.mx\/wp-content\/uploads\/2018\/06\/nav7.jpg\" alt=\"\" class=\"wp-image-3963\" width=\"337\" height=\"495\" srcset=\"https:\/\/prolim.mx\/wp-content\/uploads\/2018\/06\/nav7.jpg 275w, https:\/\/prolim.mx\/wp-content\/uploads\/2018\/06\/nav7-184x270.jpg 184w\" sizes=\"auto, (max-width: 337px) 100vw, 337px\" \/><\/figure><\/div>\n\n\n\n<h1 class=\"wp-block-heading\"><span style=\"color: #808080;\"><strong><em>La navidad en M\u00e9xico<\/em><\/strong><\/span><\/h1>\n\n\n\n<p>Las costumbres mesoamericanas y las tradiciones europeas se mezclaron para dar vida al sincretismo religioso la Am\u00e9rica Mexicana:<\/p>\n\n\n\n<p><em>En Nueva Espa\u00f1a la primera celebraci\u00f3n de la Navidad fue en 1528, cuando fray Pedro de Gante reuni\u00f3 a espa\u00f1oles e ind\u00edgenas, para entonar el himno religioso \u2018Hoy naci\u00f3 el redentor del mundo\u2019.<\/em><\/p>\n\n\n\n<p><em>A partir de entonces, el 24 de diciembre en los atrios de las iglesias se hac\u00edan representaciones vivas, procesiones, se rezaba el rosario y al d\u00eda siguiente desde muy temprano se realizaban oficios en las iglesias. En el siglo XVII algunas costumbres chinas llegaron en la nao desde Filipinas a la Nueva Espa\u00f1a, como los fuegos artificiales y los farolitos chinos, que alumbraban con peque\u00f1as velas.<\/em><\/p>\n\n\n\n<p>Un ave americana, el pavo o guajolote, pas\u00f3 hacia el continente Europeo y en el siglo XVII ya era componente predominante de la cena navide\u00f1a. Es de notarse que la navidad fue durante la \u00e9poca colonial, como una festividad comunitaria, donde lo m\u00e1s importante eran las misas, los cantos, las representaciones del nacimiento en vivo y la cena era cuesti\u00f3n secundaria.<\/p>\n\n\n\n<div class=\"wp-block-image\"><figure class=\"aligncenter is-resized\"><img loading=\"lazy\" decoding=\"async\" src=\"https:\/\/dev.prolim.mx\/wp-content\/uploads\/2018\/06\/NAV8.jpg\" alt=\"\" class=\"wp-image-3964\" width=\"434\" height=\"433\" srcset=\"https:\/\/prolim.mx\/wp-content\/uploads\/2018\/06\/NAV8.jpg 311w, https:\/\/prolim.mx\/wp-content\/uploads\/2018\/06\/NAV8-150x150.jpg 150w, https:\/\/prolim.mx\/wp-content\/uploads\/2018\/06\/NAV8-271x270.jpg 271w, https:\/\/prolim.mx\/wp-content\/uploads\/2018\/06\/NAV8-40x40.jpg 40w\" sizes=\"auto, (max-width: 434px) 100vw, 434px\" \/><\/figure><\/div>\n\n\n\n<p>A lo largo del siglo XIX se a\u00f1adieron otras partes a la celebraci\u00f3n, como el baile, o se continu\u00f3 con la asistencia a la llamada&nbsp;<em>misa de gallo<\/em>.<\/p>\n\n\n\n<p>En el siglo XX se mantuvieron vivas las tradiciones, parte de ellas se perdieron y se a\u00f1adieron otras: del mundo anglosaj\u00f3n se a\u00f1adieron la figura de Santa Clos o Pap\u00e1 Noel, que es una referencia a San Nicol\u00e1s de Bari; el \u00e1rbol navide\u00f1o tambi\u00e9n se import\u00f3 de tradiciones europeas que llegaron v\u00eda los Estados Unidos, al igual que las galletas navide\u00f1as o el pastel de frutas alem\u00e1n.<\/p>\n\n\n\n<div class=\"wp-block-image\"><figure class=\"aligncenter is-resized\"><img loading=\"lazy\" decoding=\"async\" src=\"https:\/\/dev.prolim.mx\/wp-content\/uploads\/2018\/06\/NAV9.jpg\" alt=\"\" class=\"wp-image-3965\" width=\"535\" height=\"352\" srcset=\"https:\/\/prolim.mx\/wp-content\/uploads\/2018\/06\/NAV9.jpg 468w, https:\/\/prolim.mx\/wp-content\/uploads\/2018\/06\/NAV9-410x270.jpg 410w\" sizes=\"auto, (max-width: 535px) 100vw, 535px\" \/><\/figure><\/div>\n\n\n\n<p>A pesar de ello, las nueve posadas se siguieron celebrando, sobre todo porque el catolicismo es la religi\u00f3n mayoritaria en el pa\u00eds. As\u00ed mismo, y dependiendo de la regi\u00f3n, en M\u00e9xico no es Santa Cl\u00f3s el responsable de traer juguetes a los ni\u00f1os, sino los tres reyes magos mencionados en el Nuevo Testamento, en Mateo 2:12, para otros es el mism\u00edsimo Jes\u00fas quien da los premios, pero en su forma de Ni\u00f1o Dios.<\/p>\n\n\n\n<h1 class=\"wp-block-heading\"><span style=\"color: #808080;\"><strong><em>La pi\u00f1ata<\/em><\/strong><\/span><\/h1>\n\n\n\n<p>Un elemento important\u00edsimo en las posadas es la pi\u00f1ata, originaria de China, que es un recipiente de barro (casi en desuso hoy en d\u00eda, que es reemplazada por cart\u00f3n), en el que se pega papel de china para formar una esfera de colores. Se le a\u00f1aden siete picos que simbolizan los siete pecados capitales, el cuerpo de la pi\u00f1ata simboliza el diablo. A quien le toque el turno de golpear la pi\u00f1ata, se le da un palo que tambi\u00e9n est\u00e1 decorado y que representa la fe cat\u00f3lica o cristiana, por ello se le pone una venda en los ojos, para que conf\u00ede ciegamente.<\/p>\n\n\n\n<div class=\"wp-block-image\"><figure class=\"aligncenter is-resized\"><img loading=\"lazy\" decoding=\"async\" src=\"https:\/\/dev.prolim.mx\/wp-content\/uploads\/2018\/06\/NAV10.jpg\" alt=\"\" class=\"wp-image-3967\" width=\"421\" height=\"457\" srcset=\"https:\/\/prolim.mx\/wp-content\/uploads\/2018\/06\/NAV10.jpg 324w, https:\/\/prolim.mx\/wp-content\/uploads\/2018\/06\/NAV10-249x270.jpg 249w\" sizes=\"auto, (max-width: 421px) 100vw, 421px\" \/><\/figure><\/div>\n\n\n\n<div class=\"wp-block-image\"><figure class=\"aligncenter is-resized\"><img loading=\"lazy\" decoding=\"async\" src=\"https:\/\/dev.prolim.mx\/wp-content\/uploads\/2018\/06\/NAV12-270x480.jpg\" alt=\"\" class=\"wp-image-3966\" width=\"363\" height=\"645\" srcset=\"https:\/\/prolim.mx\/wp-content\/uploads\/2018\/06\/NAV12-270x480.jpg 270w, https:\/\/prolim.mx\/wp-content\/uploads\/2018\/06\/NAV12-152x270.jpg 152w, https:\/\/prolim.mx\/wp-content\/uploads\/2018\/06\/NAV12-247x439.jpg 247w, https:\/\/prolim.mx\/wp-content\/uploads\/2018\/06\/NAV12.jpg 307w\" sizes=\"auto, (max-width: 363px) 100vw, 363px\" \/><\/figure><\/div>\n\n\n\n<p>El rompimiento de la pi\u00f1ata libera su contenido, que casi siempre son dulces de diverso tipo y frutas de la temporada como ca\u00f1as, mandarinas, tejocotes y en ocasiones cacahuates; este contenido representa la Gracia de Dios, que es el premio por no caer en la tentaci\u00f3n.<\/p>\n\n\n\n<div class=\"wp-block-image\"><figure class=\"aligncenter is-resized\"><img loading=\"lazy\" decoding=\"async\" src=\"https:\/\/dev.prolim.mx\/wp-content\/uploads\/2018\/06\/NAV13.jpg\" alt=\"\" class=\"wp-image-3968\" width=\"471\" height=\"537\" srcset=\"https:\/\/prolim.mx\/wp-content\/uploads\/2018\/06\/NAV13.jpg 341w, https:\/\/prolim.mx\/wp-content\/uploads\/2018\/06\/NAV13-237x270.jpg 237w\" sizes=\"auto, (max-width: 471px) 100vw, 471px\" \/><\/figure><\/div>\n\n\n\n<div class=\"wp-block-image\"><figure class=\"aligncenter\"><img loading=\"lazy\" decoding=\"async\" width=\"480\" height=\"369\" src=\"https:\/\/dev.prolim.mx\/wp-content\/uploads\/2018\/06\/NAV14-480x369.jpg\" alt=\"\" class=\"wp-image-3969\" srcset=\"https:\/\/prolim.mx\/wp-content\/uploads\/2018\/06\/NAV14-480x369.jpg 480w, https:\/\/prolim.mx\/wp-content\/uploads\/2018\/06\/NAV14-351x270.jpg 351w, https:\/\/prolim.mx\/wp-content\/uploads\/2018\/06\/NAV14.jpg 505w\" sizes=\"auto, (max-width: 480px) 100vw, 480px\" \/><\/figure><\/div>\n\n\n\n<p>Hay muchos detalles m\u00e1s acerca de la navidad, como las coronas de adviento, los regalos t\u00edpicos de la \u00e9poca y las bebidas de esa temporada, pero finalizo este art\u00edculo con el que es el m\u00e1s bello aporte de M\u00e9xico a la navidad: la flor de nochebuena. Su nombre cient\u00edfico es&nbsp;<em>Euphorbia pulcherrima<\/em>, los aztecas la llamaban&nbsp;<em>Cuetlax\u00f3chitl<\/em>, es decir, flor que se marchita. Las hay de colores rojo, rosa, blanco, amarillo, e incluso con manchas de dos de estos colores. En Argentina se le llama estrella federal por su color y forma, en los a\u00f1os 70s del siglo XX se le emple\u00f3 en ese pa\u00eds como s\u00edmbolo del movimiento llamado de los&nbsp;<em>montoneros<\/em>.<\/p>\n\n\n\n<div class=\"wp-block-image\"><figure class=\"aligncenter is-resized\"><img loading=\"lazy\" decoding=\"async\" src=\"https:\/\/dev.prolim.mx\/wp-content\/uploads\/2018\/06\/NAV15.jpg\" alt=\"\" class=\"wp-image-3970\" width=\"475\" height=\"514\" srcset=\"https:\/\/prolim.mx\/wp-content\/uploads\/2018\/06\/NAV15.jpg 350w, https:\/\/prolim.mx\/wp-content\/uploads\/2018\/06\/NAV15-249x270.jpg 249w\" sizes=\"auto, (max-width: 475px) 100vw, 475px\" \/><\/figure><\/div>\n\n\n\n<p>Actualmente se le llama&nbsp;<em>Nochebuena<\/em>&nbsp;en M\u00e9xico,<em>&nbsp;Flor del Inca<\/em>&nbsp;en Per\u00fa y Chile,&nbsp;<em>Flor de Navidad<\/em>&nbsp;en Venezuela y Colombia y&nbsp;<em>Pastora<\/em>&nbsp;en Nicaragua y Costa Rica.<\/p>\n\n\n\n<p>Fuente:&nbsp;Barcel\u00f3 Quintal, Raquel. \u201cUna historia de larga duraci\u00f3n: la navidad.\u201d, &nbsp;en revista Xihmai, Vol. 2, N\u00ba. 4, Pachuca, M\u00e9xico 2007. En&nbsp;<a href=\"http:\/\/dialnet.unirioja.es\/servlet\/articulo?codigo=4953753\">http:\/\/dialnet.unirioja.es\/servlet\/articulo?codigo=4953753<\/a><\/p>\n\n\n\n<p>Les recordamos que nuestra comida de fin de a\u00f1o ser\u00e1 el viernes 8 de diciembre 2017 a las 2 30 pm en el Club de Leones de la Ciudad de M\u00e9xico, favor de confirmar tu asistencia con <a href=\"mailto:ana.rubin@prolim.mx\">ana.rubin@prolim.mx<\/a><\/p>\n\n\n\n<div class=\"wp-block-image\"><figure class=\"aligncenter is-resized\"><img loading=\"lazy\" decoding=\"async\" src=\"https:\/\/dev.prolim.mx\/wp-content\/uploads\/2018\/06\/nav17-480x255.jpg\" alt=\"\" class=\"wp-image-3971\" width=\"545\" height=\"290\" srcset=\"https:\/\/prolim.mx\/wp-content\/uploads\/2018\/06\/nav17-480x255.jpg 480w, https:\/\/prolim.mx\/wp-content\/uploads\/2018\/06\/nav17-768x407.jpg 768w, https:\/\/prolim.mx\/wp-content\/uploads\/2018\/06\/nav17-780x414.jpg 780w, https:\/\/prolim.mx\/wp-content\/uploads\/2018\/06\/nav17.jpg 867w\" sizes=\"auto, (max-width: 545px) 100vw, 545px\" \/><\/figure><\/div>\n\n\n\n<div class=\"wp-block-image\"><figure class=\"aligncenter is-resized\"><img loading=\"lazy\" decoding=\"async\" src=\"https:\/\/dev.prolim.mx\/wp-content\/uploads\/2018\/06\/nav18-480x298.jpg\" alt=\"\" class=\"wp-image-3972\" width=\"552\" height=\"343\" srcset=\"https:\/\/prolim.mx\/wp-content\/uploads\/2018\/06\/nav18-480x298.jpg 480w, https:\/\/prolim.mx\/wp-content\/uploads\/2018\/06\/nav18-768x477.jpg 768w, https:\/\/prolim.mx\/wp-content\/uploads\/2018\/06\/nav18-435x270.jpg 435w, https:\/\/prolim.mx\/wp-content\/uploads\/2018\/06\/nav18-780x484.jpg 780w, https:\/\/prolim.mx\/wp-content\/uploads\/2018\/06\/nav18-707x439.jpg 707w, https:\/\/prolim.mx\/wp-content\/uploads\/2018\/06\/nav18.jpg 867w\" sizes=\"auto, (max-width: 552px) 100vw, 552px\" \/><\/figure><\/div>\n\n\n\n<p><span style=\"color: #808080;\"><strong><em>Vendr\u00e1n nuevos eventos para ti y tu familia, te esperamos pronto.<\/em><\/strong><\/span><\/p>\n\n\n\n<hr class=\"wp-block-separator\"\/>\n\n\n\n<p>Atentamente,<\/p>\n\n\n\n<h1 class=\"wp-block-heading\"><span style=\"color: #000000;\"><strong><em>Recursos Humanos y Comit\u00e9 de Responsabilidad Social PROLIM.<\/em><\/strong><\/span><\/h1>\n\n\n\n<p><strong><em>Escuchando y atendiendo tus necesidades.<\/em><\/strong><\/p>\n","protected":false},"excerpt":{"rendered":"<p>Gracias a tu entusiasta y activa participaci\u00f3n celebramos una hermosa&nbsp; actividad familiar el pasado s\u00e1bado 25 de diciembre, 2017, misma que les compartimos en im\u00e1genes a continuaci\u00f3n junto con la historia de la navidad en M\u00e9xico y el mundo: Breve historia de la navidad en M\u00e9xico y el Mundo. La Navidad como celebraci\u00f3n es el [&hellip;]<\/p>\n","protected":false},"author":1,"featured_media":3957,"comment_status":"open","ping_status":"closed","sticky":false,"template":"","format":"standard","meta":{"_joinchat":[],"footnotes":""},"categories":[43],"tags":[],"class_list":["post-3955","post","type-post","status-publish","format-standard","has-post-thumbnail","hentry","category-recursos-humanos"],"blocksy_meta":{"styles_descriptor":{"styles":{"desktop":"","tablet":"","mobile":""},"google_fonts":[],"version":6}},"featured_image_urls_v2":{"full":["https:\/\/prolim.mx\/wp-content\/uploads\/2018\/06\/NAV1.jpg",346,308,false],"thumbnail":["https:\/\/prolim.mx\/wp-content\/uploads\/2018\/06\/NAV1-150x150.jpg",150,150,true],"medium":["https:\/\/prolim.mx\/wp-content\/uploads\/2018\/06\/NAV1.jpg",346,308,false],"medium_large":["https:\/\/prolim.mx\/wp-content\/uploads\/2018\/06\/NAV1.jpg",346,308,false],"large":["https:\/\/prolim.mx\/wp-content\/uploads\/2018\/06\/NAV1.jpg",346,308,false],"1536x1536":["https:\/\/prolim.mx\/wp-content\/uploads\/2018\/06\/NAV1.jpg",346,308,false],"2048x2048":["https:\/\/prolim.mx\/wp-content\/uploads\/2018\/06\/NAV1.jpg",346,308,false],"smart-post-landscape":["https:\/\/prolim.mx\/wp-content\/uploads\/2018\/06\/NAV1.jpg",346,308,false],"smart-post-portrait":["https:\/\/prolim.mx\/wp-content\/uploads\/2018\/06\/NAV1.jpg",346,308,false]},"post_excerpt_stackable_v2":"<p>Gracias a tu entusiasta y activa participaci\u00f3n celebramos una hermosa&nbsp; actividad familiar el pasado s\u00e1bado 25 de diciembre, 2017, misma que les compartimos en im\u00e1genes a continuaci\u00f3n junto con la historia de la navidad en M\u00e9xico y el mundo: Breve historia de la navidad en M\u00e9xico y el Mundo. La Navidad como celebraci\u00f3n es el resultado de la combinaci\u00f3n de tradiciones y costumbres originadas en diversas partes del mundo.&nbsp;En Mesopotamia se cre\u00f3 la tradici\u00f3n de celebrar doce d\u00edas hacia el final del a\u00f1o, a manera de representar la lucha entre el caos y el orden, en forma de la serpiente&hellip;<\/p>\n","category_list_v2":"<a href=\"https:\/\/prolim.mx\/index.php\/category\/recursos-humanos\/\" rel=\"category tag\">Recursos Humanos<\/a>","author_info_v2":{"name":"INGMARMP","url":"https:\/\/prolim.mx\/index.php\/author\/null_oqf6b375\/"},"comments_num_v2":"0 comentarios","_links":{"self":[{"href":"https:\/\/prolim.mx\/index.php\/wp-json\/wp\/v2\/posts\/3955","targetHints":{"allow":["GET"]}}],"collection":[{"href":"https:\/\/prolim.mx\/index.php\/wp-json\/wp\/v2\/posts"}],"about":[{"href":"https:\/\/prolim.mx\/index.php\/wp-json\/wp\/v2\/types\/post"}],"author":[{"embeddable":true,"href":"https:\/\/prolim.mx\/index.php\/wp-json\/wp\/v2\/users\/1"}],"replies":[{"embeddable":true,"href":"https:\/\/prolim.mx\/index.php\/wp-json\/wp\/v2\/comments?post=3955"}],"version-history":[{"count":2,"href":"https:\/\/prolim.mx\/index.php\/wp-json\/wp\/v2\/posts\/3955\/revisions"}],"predecessor-version":[{"id":4925,"href":"https:\/\/prolim.mx\/index.php\/wp-json\/wp\/v2\/posts\/3955\/revisions\/4925"}],"wp:featuredmedia":[{"embeddable":true,"href":"https:\/\/prolim.mx\/index.php\/wp-json\/wp\/v2\/media\/3957"}],"wp:attachment":[{"href":"https:\/\/prolim.mx\/index.php\/wp-json\/wp\/v2\/media?parent=3955"}],"wp:term":[{"taxonomy":"category","embeddable":true,"href":"https:\/\/prolim.mx\/index.php\/wp-json\/wp\/v2\/categories?post=3955"},{"taxonomy":"post_tag","embeddable":true,"href":"https:\/\/prolim.mx\/index.php\/wp-json\/wp\/v2\/tags?post=3955"}],"curies":[{"name":"wp","href":"https:\/\/api.w.org\/{rel}","templated":true}]}}