{"id":3932,"date":"2018-06-05T22:31:20","date_gmt":"2018-06-05T22:31:20","guid":{"rendered":"http:\/\/prolim.mx\/?p=3932"},"modified":"2019-02-27T19:28:57","modified_gmt":"2019-02-27T19:28:57","slug":"7o-seminario-de-calidad-para-proveedores-prolim-2018","status":"publish","type":"post","link":"https:\/\/prolim.mx\/index.php\/2018\/06\/05\/7o-seminario-de-calidad-para-proveedores-prolim-2018\/","title":{"rendered":"7\u00ba Seminario de Calidad para Proveedores PROLIM."},"content":{"rendered":"\n<div class=\"wp-block-image\"><figure class=\"aligncenter\"><img loading=\"lazy\" decoding=\"async\" width=\"480\" height=\"148\" src=\"https:\/\/dev.prolim.mx\/wp-content\/uploads\/2018\/06\/Contacto-1-480x148.jpg\" alt=\"\" class=\"wp-image-3933\" srcset=\"https:\/\/prolim.mx\/wp-content\/uploads\/2018\/06\/Contacto-1-480x148.jpg 480w, https:\/\/prolim.mx\/wp-content\/uploads\/2018\/06\/Contacto-1.jpg 589w\" sizes=\"auto, (max-width: 480px) 100vw, 480px\" \/><\/figure><\/div>\n\n\n\n<h1 class=\"wp-block-heading\"><span style=\"color: #003300;\"><em><strong><u>7\u00ba Seminario de Calidad para Proveedores PROLIM<\/u><\/strong><\/em><\/span><\/h1>\n\n\n\n<hr class=\"wp-block-separator\"\/>\n\n\n\n<p><strong>Estimados Colaboradores, Clientes y Proveedores:<\/strong><\/p>\n\n\n\n<p>Les compartimos por este medio, las im\u00e1genes de la realizaci\u00f3n de nuestro <strong><em>7mo. Seminario de Calidad para Proveedores 2018<\/em><\/strong>, evento que cumple siente a\u00f1os de haberse implementado como una necesidad de impactar positivamente en la cadena de valor con nuestros proveedores y alimentar el c\u00edrculo virtuoso de calidad: <strong><em>servicio y productos otorgados a nuestros clientes<\/em><\/strong>. Cabe recordar que esta iniciativa no hizo garantes del <span style=\"color: #808080;\"><strong><em>Premio Nacional de Calidad 2012 <\/em><\/strong><\/span>otorgado por <strong><em>Factual Services <\/em><\/strong><strong><em>SC<\/em><\/strong> <span style=\"color: #808080;\">(<a style=\"color: #808080;\" href=\"http:\/\/www.factual-services.com.mx\">www.factual-services.com.mx<\/a>)<\/span> por desarrollar un programa de formaci\u00f3n profesional para proveedores en temas de <strong><em>ISO, Gesti\u00f3n de Calidad, Desarrollo de Habilidades Gerenciales, Valor Agregado Organizacional &amp; Desarrollo de Proveedores e impacto en cadena de valor. &nbsp;<\/em><\/strong><\/p>\n\n\n\n<p>Desde el primer seminario hasta el actual, contamos con una alta concurrencia y una entusiasta participaci\u00f3n de nuestros proveedores, quienes han obtenido los beneficios de trabajar bajo <strong><em>esquemas de procesos y procedimientos de gesti\u00f3n de calidad<\/em><\/strong> y han confirmado los beneficios de contar con un<span style=\"color: #808080;\"> <strong><em>Sistema de Gesti\u00f3n de Calidad. <\/em><\/strong><\/span><\/p>\n\n\n\n<p>A continuaci\u00f3n compartimos la presentaci\u00f3n general del evento:<\/p>\n\n\n\n<h2 class=\"wp-block-heading\"><figure><img loading=\"lazy\" decoding=\"async\" width=\"571\" height=\"316\" class=\"alignnone wp-image-3934\" src=\"https:\/\/dev.prolim.mx\/wp-content\/uploads\/2018\/06\/Sem1-480x266.jpg\" alt=\"\" srcset=\"https:\/\/prolim.mx\/wp-content\/uploads\/2018\/06\/Sem1-480x266.jpg 480w, https:\/\/prolim.mx\/wp-content\/uploads\/2018\/06\/Sem1-768x426.jpg 768w, https:\/\/prolim.mx\/wp-content\/uploads\/2018\/06\/Sem1-780x433.jpg 780w, https:\/\/prolim.mx\/wp-content\/uploads\/2018\/06\/Sem1.jpg 809w\" sizes=\"auto, (max-width: 571px) 100vw, 571px\" \/><img loading=\"lazy\" decoding=\"async\" width=\"548\" height=\"317\" class=\"alignnone wp-image-3935\" src=\"https:\/\/dev.prolim.mx\/wp-content\/uploads\/2018\/06\/Sem2-480x278.jpg\" alt=\"\" srcset=\"https:\/\/prolim.mx\/wp-content\/uploads\/2018\/06\/Sem2-480x278.jpg 480w, https:\/\/prolim.mx\/wp-content\/uploads\/2018\/06\/Sem2-768x444.jpg 768w, https:\/\/prolim.mx\/wp-content\/uploads\/2018\/06\/Sem2-467x270.jpg 467w, https:\/\/prolim.mx\/wp-content\/uploads\/2018\/06\/Sem2-780x451.jpg 780w, https:\/\/prolim.mx\/wp-content\/uploads\/2018\/06\/Sem2-759x439.jpg 759w, https:\/\/prolim.mx\/wp-content\/uploads\/2018\/06\/Sem2.jpg 807w\" sizes=\"auto, (max-width: 548px) 100vw, 548px\" \/><\/figure><\/h2>\n\n\n\n<p>Este Seminario tiene el objetivo de:<span style=\"color: #000000;\"> <strong><em>aprovechar la oportunidad para compartir con los proveedores, los procesos y procedimiento que llevamos en Grupo PROLIM, ampliando los mejores m\u00e9todos de trabajo en equipo y generaci\u00f3n de alianzas estrat\u00e9gicas comerciales<\/em><\/strong> con nuestros proveedores.<\/span><\/p>\n\n\n\n<p><span style=\"color: #000000;\">Trabajar de manera cercana con nuestros proveedores tiene el prop\u00f3sito de <strong><em>lograr desarrollar una relaci\u00f3n comercial &nbsp;comprometida, responsable, respetuosa y basada en procedimientos y procesos objetivos y claramente documentados a la vez que se desarrollan proveedores con una clara filosof\u00eda empresarial sustentable que facilite prestar servicios comprometidos con la sociedad, ecolog\u00eda y con el factor humano.<\/em><\/strong><\/span><\/p>\n\n\n\n<div class=\"wp-block-image\"><figure class=\"aligncenter is-resized\"><img loading=\"lazy\" decoding=\"async\" src=\"https:\/\/dev.prolim.mx\/wp-content\/uploads\/2018\/06\/Sem-3-480x217.jpg\" alt=\"\" class=\"wp-image-3936\" width=\"631\" height=\"285\" srcset=\"https:\/\/prolim.mx\/wp-content\/uploads\/2018\/06\/Sem-3-480x217.jpg 480w, https:\/\/prolim.mx\/wp-content\/uploads\/2018\/06\/Sem-3.jpg 632w\" sizes=\"auto, (max-width: 631px) 100vw, 631px\" \/><\/figure><\/div>\n\n\n\n<p><strong><em>Grupo PROLIM<\/em><\/strong> cuenta con un <strong><em>Comit\u00e9 de Calidad<\/em><\/strong>, conformado por colaboradores comprometidos con la mejora continua, el cambio constante organizacional y el desempe\u00f1o de mejores pr\u00e1cticas empresariales. A trav\u00e9s del Comit\u00e9, se implementa este seminario, con la firme intenci\u00f3n de promover en nuestros Proveedores a :<\/p>\n\n\n\n<ol class=\"wp-block-list\"><li><strong style=\"color: rgb(35, 40, 45); font-size: 1.3em;\"><em>Desarrollar a nuestros proveedores para hablar el mismo lenguaje ISO y desarrollar pr\u00e1cticas compartidas alineadas al Sistema de Gesti\u00f3n de Calidad PROLIM <\/em><\/strong><br> <\/li><\/ol>\n\n\n\n<p><strong><em>2. Compartir la Misi\u00f3n y Visi\u00f3n de Ser Proveedor PROLIM Sustentable. <\/em><\/strong><\/p>\n\n\n\n<p><span style=\"color: rgb(35, 40, 45); font-size: 1.3em; font-weight: 600;\"><strong style=\"color: rgb(35, 40, 45); font-size: 1.3em;\"><em>3. Alinear de manera estrat\u00e9gica a nuestros proveedores a las pol\u00edticas de Compras actuales. <\/em><\/strong><br> <\/span><\/p>\n\n\n\n<p><h2><strong><em>4. Conocimiento y adecuaci\u00f3n a nuestro C\u00f3digo de \u00c9tica para Proveedores PROLIM 2018.<\/em><\/strong><\/h2><\/p>\n\n\n\n<p> 5. <span style=\"color: rgb(35, 40, 45); font-size: 1.3em; font-weight: 600;\"><strong style=\"color: rgb(35, 40, 45); font-size: 1.3em;\"><em>Involucrar a los proveedores en el Proyecto de Empresa Socialmente Responsable PROLIM. \u00a0<\/em><\/strong><br><\/p>\n\n\n\n<p>En relaci\u00f3n al punto 5, se convoc\u00f3 a nuestros proveedores para apoyar el proyecto deportivo: <span style=\"color: #808080;\"><em>Equipo de Futbol Tigres PROLIM<\/em><\/span>, contando con la participaci\u00f3n de 5 proveedores que se sumaron a la causa de generar una <strong><em>cultura de salud y deportiva<\/em><\/strong> entre nuestros colaboradores, a continuaci\u00f3n compartimos la imagen del equipo deportivo y de nuestros entusiastas proveedores:<figure><img loading=\"lazy\" decoding=\"async\" class=\"wp-image-3938 aligncenter\" src=\"https:\/\/dev.prolim.mx\/wp-content\/uploads\/2018\/06\/Sem5-480x352.jpg\" alt=\"\" width=\"566\" height=\"416\" srcset=\"https:\/\/prolim.mx\/wp-content\/uploads\/2018\/06\/Sem5.jpg 480w, https:\/\/prolim.mx\/wp-content\/uploads\/2018\/06\/Sem5-368x270.jpg 368w\" sizes=\"auto, (max-width: 566px) 100vw, 566px\" \/><\/figure><figure><img loading=\"lazy\" decoding=\"async\" class=\"wp-image-3937 aligncenter\" src=\"https:\/\/dev.prolim.mx\/wp-content\/uploads\/2018\/06\/Sem4-480x348.jpg\" alt=\"\" width=\"563\" height=\"408\" srcset=\"https:\/\/prolim.mx\/wp-content\/uploads\/2018\/06\/Sem4-480x348.jpg 480w, https:\/\/prolim.mx\/wp-content\/uploads\/2018\/06\/Sem4-372x270.jpg 372w, https:\/\/prolim.mx\/wp-content\/uploads\/2018\/06\/Sem4.jpg 488w\" sizes=\"auto, (max-width: 563px) 100vw, 563px\" \/><\/figure><\/p>\n\n\n\n<p>Cabe hacer menci\u00f3n que nuestros proveedores recibieron un reconocimiento especial por su apoyo:<\/p>\n\n\n\n<h2 class=\"wp-block-heading\"><figure><img loading=\"lazy\" decoding=\"async\" class=\" wp-image-3939 aligncenter\" src=\"https:\/\/dev.prolim.mx\/wp-content\/uploads\/2018\/06\/Sem6-480x271.jpg\" alt=\"\" width=\"668\" height=\"377\" srcset=\"https:\/\/prolim.mx\/wp-content\/uploads\/2018\/06\/Sem6-480x270.jpg 480w, https:\/\/prolim.mx\/wp-content\/uploads\/2018\/06\/Sem6.jpg 589w\" sizes=\"auto, (max-width: 668px) 100vw, 668px\" \/><\/figure><\/h2>\n\n\n\n<p>En nuestro seminario se respondieron a preguntas tales como:<\/p>\n\n\n\n<h2 class=\"wp-block-heading\"><span style=\"color: #808080;\"><strong><em>\u00bfQu\u00e9 es Ser un Proveedor PROLIM?<\/em><\/strong><\/span><\/h2>\n\n\n\n<div class=\"wp-block-image\"><figure class=\"aligncenter is-resized\"><img loading=\"lazy\" decoding=\"async\" src=\"https:\/\/dev.prolim.mx\/wp-content\/uploads\/2018\/06\/Sem7-480x270.jpg\" alt=\"\" class=\"wp-image-3940\" width=\"572\" height=\"322\" srcset=\"https:\/\/prolim.mx\/wp-content\/uploads\/2018\/06\/Sem7-480x270.jpg 480w, https:\/\/prolim.mx\/wp-content\/uploads\/2018\/06\/Sem7.jpg 589w\" sizes=\"auto, (max-width: 572px) 100vw, 572px\" \/><\/figure><\/div>\n\n\n\n<h2 class=\"wp-block-heading\"><span style=\"color: #808080;\"><strong><em>\u00bfC\u00f3mo debe comportarse el proveedor PROLIM?<\/em><\/strong><\/span><\/h2>\n\n\n\n<div class=\"wp-block-image\"><figure class=\"aligncenter is-resized\"><img loading=\"lazy\" decoding=\"async\" src=\"https:\/\/dev.prolim.mx\/wp-content\/uploads\/2018\/06\/Sem8-480x271.jpg\" alt=\"\" class=\"wp-image-3941\" width=\"573\" height=\"324\" srcset=\"https:\/\/prolim.mx\/wp-content\/uploads\/2018\/06\/Sem8-480x270.jpg 480w, https:\/\/prolim.mx\/wp-content\/uploads\/2018\/06\/Sem8.jpg 589w\" sizes=\"auto, (max-width: 573px) 100vw, 573px\" \/><\/figure><\/div>\n\n\n\n<h2 class=\"wp-block-heading\"><span style=\"color: #808080;\"><strong><em>\u00bfCu\u00e1l es la Pol\u00edtica de Calidad, Social y Ambiental de Grupo PROLIM?<\/em><\/strong><\/span><\/h2>\n\n\n\n<div class=\"wp-block-image\"><figure class=\"aligncenter is-resized\"><img loading=\"lazy\" decoding=\"async\" src=\"https:\/\/dev.prolim.mx\/wp-content\/uploads\/2018\/06\/Sem10-480x270.jpg\" alt=\"\" class=\"wp-image-3942\" width=\"600\" height=\"338\" srcset=\"https:\/\/prolim.mx\/wp-content\/uploads\/2018\/06\/Sem10-480x270.jpg 480w, https:\/\/prolim.mx\/wp-content\/uploads\/2018\/06\/Sem10.jpg 589w\" sizes=\"auto, (max-width: 600px) 100vw, 600px\" \/><\/figure><\/div>\n\n\n\n<h2 class=\"wp-block-heading\"><span style=\"color: #808080;\"><strong><em>\u00bfQu\u00e9 programas de sostenibilidad, responsabilidad social y c\u00f3digo de \u00e9tica tenemos en PROLIM?<\/em><\/strong><\/span><\/h2>\n\n\n\n<p>Sobre el aspecto \u00e9tico de nuestras pr\u00e1cticas con proveedores se trabajaron los siguientes aspectos:<\/p>\n\n\n\n<h2 class=\"wp-block-heading\"><figure><img loading=\"lazy\" decoding=\"async\" class=\"alignnone size-medium wp-image-3943\" src=\"https:\/\/dev.prolim.mx\/wp-content\/uploads\/2018\/06\/Sem11-480x328.jpg\" alt=\"\" width=\"480\" height=\"328\" srcset=\"https:\/\/prolim.mx\/wp-content\/uploads\/2018\/06\/Sem11-480x328.jpg 480w, https:\/\/prolim.mx\/wp-content\/uploads\/2018\/06\/Sem11-395x270.jpg 395w, https:\/\/prolim.mx\/wp-content\/uploads\/2018\/06\/Sem11.jpg 497w\" sizes=\"auto, (max-width: 480px) 100vw, 480px\" \/><\/figure><figure><img loading=\"lazy\" decoding=\"async\" class=\"alignnone size-medium wp-image-3944\" src=\"https:\/\/dev.prolim.mx\/wp-content\/uploads\/2018\/06\/Sem12-480x310.jpg\" alt=\"\" width=\"480\" height=\"310\" srcset=\"https:\/\/prolim.mx\/wp-content\/uploads\/2018\/06\/Sem12-480x310.jpg 480w, https:\/\/prolim.mx\/wp-content\/uploads\/2018\/06\/Sem12-418x270.jpg 418w, https:\/\/prolim.mx\/wp-content\/uploads\/2018\/06\/Sem12.jpg 511w\" sizes=\"auto, (max-width: 480px) 100vw, 480px\" \/><\/figure><figure><img loading=\"lazy\" decoding=\"async\" class=\"alignnone size-medium wp-image-3945\" src=\"https:\/\/dev.prolim.mx\/wp-content\/uploads\/2018\/06\/Sem13-480x298.jpg\" alt=\"\" width=\"480\" height=\"298\" srcset=\"https:\/\/prolim.mx\/wp-content\/uploads\/2018\/06\/Sem13-480x298.jpg 480w, https:\/\/prolim.mx\/wp-content\/uploads\/2018\/06\/Sem13-435x270.jpg 435w, https:\/\/prolim.mx\/wp-content\/uploads\/2018\/06\/Sem13.jpg 549w\" sizes=\"auto, (max-width: 480px) 100vw, 480px\" \/><\/figure><figure><img loading=\"lazy\" decoding=\"async\" class=\"alignnone size-medium wp-image-3946\" src=\"https:\/\/dev.prolim.mx\/wp-content\/uploads\/2018\/06\/Sem14-480x333.jpg\" alt=\"\" width=\"480\" height=\"333\" srcset=\"https:\/\/prolim.mx\/wp-content\/uploads\/2018\/06\/Sem14-480x333.jpg 480w, https:\/\/prolim.mx\/wp-content\/uploads\/2018\/06\/Sem14-390x270.jpg 390w, https:\/\/prolim.mx\/wp-content\/uploads\/2018\/06\/Sem14.jpg 495w\" sizes=\"auto, (max-width: 480px) 100vw, 480px\" \/><\/figure><figure><img loading=\"lazy\" decoding=\"async\" class=\"alignnone size-medium wp-image-3947\" src=\"https:\/\/dev.prolim.mx\/wp-content\/uploads\/2018\/06\/Sem15-480x292.jpg\" alt=\"\" width=\"480\" height=\"292\" srcset=\"https:\/\/prolim.mx\/wp-content\/uploads\/2018\/06\/Sem15-480x292.jpg 480w, https:\/\/prolim.mx\/wp-content\/uploads\/2018\/06\/Sem15-444x270.jpg 444w, https:\/\/prolim.mx\/wp-content\/uploads\/2018\/06\/Sem15.jpg 609w\" sizes=\"auto, (max-width: 480px) 100vw, 480px\" \/><\/figure><\/h2>\n\n\n\n<p>Despu\u00e9s de 4 horas de Seminario, nuestros proveedores recibieron sus <span style=\"color: #808080;\"><strong><em>Constancias de Participaci\u00f3n<\/em><\/strong><\/span>, firmaron los respectivos <span style=\"color: #808080;\"><strong><em>C\u00f3digos de \u00c9tica para Proveedores<\/em><\/strong><\/span> y una carta de compromiso con el <strong><em><span style=\"color: #808080;\">Sistema de Gesti\u00f3n de Calidad PROLIM<\/span> <span style=\"color: #808080;\">2018<\/span><\/em><\/strong>, confirmando su conocimiento, compromiso y visi\u00f3n compartida.<\/p>\n\n\n\n<div class=\"wp-block-image\"><figure class=\"aligncenter is-resized\"><img loading=\"lazy\" decoding=\"async\" src=\"https:\/\/dev.prolim.mx\/wp-content\/uploads\/2018\/06\/Sem16-480x271.jpg\" alt=\"\" class=\"wp-image-3948\" width=\"583\" height=\"329\" srcset=\"https:\/\/prolim.mx\/wp-content\/uploads\/2018\/06\/Sem16-480x270.jpg 480w, https:\/\/prolim.mx\/wp-content\/uploads\/2018\/06\/Sem16.jpg 589w\" sizes=\"auto, (max-width: 583px) 100vw, 583px\" \/><\/figure><\/div>\n\n\n\n<p>Gracias a todos nuestros proveedores por su entusiasta y comprometida participaci\u00f3n en <span style=\"color: #808080;\"><strong><em>Ser Sustentables, Responsables con la Calidad, Sociedad y Medio Ambiente.<\/em><\/strong><\/span><\/p>\n\n\n\n<h1 class=\"wp-block-heading\"><strong><em>\u00a1Nos vemos en el 2019!<\/em><\/strong><\/h1>\n\n\n\n<h2 class=\"wp-block-heading\"><figure><img loading=\"lazy\" decoding=\"async\" class=\"alignnone wp-image-3949\" src=\"https:\/\/dev.prolim.mx\/wp-content\/uploads\/2018\/06\/Sem17-480x357.jpg\" alt=\"\" width=\"599\" height=\"445\" srcset=\"https:\/\/prolim.mx\/wp-content\/uploads\/2018\/06\/Sem17-480x357.jpg 480w, https:\/\/prolim.mx\/wp-content\/uploads\/2018\/06\/Sem17-363x270.jpg 363w, https:\/\/prolim.mx\/wp-content\/uploads\/2018\/06\/Sem17-591x439.jpg 591w, https:\/\/prolim.mx\/wp-content\/uploads\/2018\/06\/Sem17.jpg 732w\" sizes=\"auto, (max-width: 599px) 100vw, 599px\" \/><\/figure><\/h2>\n\n\n\n<p>Reciban un cordial saludo.<\/p>\n\n\n\n<p>Atentamente,<\/p>\n\n\n\n<h2 class=\"wp-block-heading\"><strong><u><em>Comit\u00e9 de Calidad PROLIM <\/em><\/u><\/strong><\/h2>\n\n\n\n<p><em>Con acciones concretas, mejorando d\u00eda a d\u00eda nuestra organizaci\u00f3n.<\/em><\/p>\n","protected":false},"excerpt":{"rendered":"<p>7\u00ba Seminario de Calidad para Proveedores PROLIM Estimados Colaboradores, Clientes y Proveedores: Les compartimos por este medio, las im\u00e1genes de la realizaci\u00f3n de nuestro 7mo. Seminario de Calidad para Proveedores 2018, evento que cumple siente a\u00f1os de haberse implementado como una necesidad de impactar positivamente en la cadena de valor con nuestros proveedores y alimentar [&hellip;]<\/p>\n","protected":false},"author":1,"featured_media":3949,"comment_status":"open","ping_status":"closed","sticky":false,"template":"","format":"standard","meta":{"_joinchat":[],"footnotes":""},"categories":[44],"tags":[],"class_list":["post-3932","post","type-post","status-publish","format-standard","has-post-thumbnail","hentry","category-proveedores"],"blocksy_meta":{"styles_descriptor":{"styles":{"desktop":"","tablet":"","mobile":""},"google_fonts":[],"version":6}},"featured_image_urls_v2":{"full":["https:\/\/prolim.mx\/wp-content\/uploads\/2018\/06\/Sem17.jpg",732,544,false],"thumbnail":["https:\/\/prolim.mx\/wp-content\/uploads\/2018\/06\/Sem17-150x150.jpg",150,150,true],"medium":["https:\/\/prolim.mx\/wp-content\/uploads\/2018\/06\/Sem17-480x357.jpg",480,357,true],"medium_large":["https:\/\/prolim.mx\/wp-content\/uploads\/2018\/06\/Sem17.jpg",732,544,false],"large":["https:\/\/prolim.mx\/wp-content\/uploads\/2018\/06\/Sem17.jpg",732,544,false],"1536x1536":["https:\/\/prolim.mx\/wp-content\/uploads\/2018\/06\/Sem17.jpg",732,544,false],"2048x2048":["https:\/\/prolim.mx\/wp-content\/uploads\/2018\/06\/Sem17.jpg",732,544,false],"smart-post-landscape":["https:\/\/prolim.mx\/wp-content\/uploads\/2018\/06\/Sem17.jpg",732,544,false],"smart-post-portrait":["https:\/\/prolim.mx\/wp-content\/uploads\/2018\/06\/Sem17.jpg",600,446,false]},"post_excerpt_stackable_v2":"<p>7\u00ba Seminario de Calidad para Proveedores PROLIM Estimados Colaboradores, Clientes y Proveedores: Les compartimos por este medio, las im\u00e1genes de la realizaci\u00f3n de nuestro 7mo. Seminario de Calidad para Proveedores 2018, evento que cumple siente a\u00f1os de haberse implementado como una necesidad de impactar positivamente en la cadena de valor con nuestros proveedores y alimentar el c\u00edrculo virtuoso de calidad: servicio y productos otorgados a nuestros clientes. Cabe recordar que esta iniciativa no hizo garantes del Premio Nacional de Calidad 2012 otorgado por Factual Services SC (www.factual-services.com.mx) por desarrollar un programa de formaci\u00f3n profesional para proveedores en temas de ISO,&hellip;<\/p>\n","category_list_v2":"<a href=\"https:\/\/prolim.mx\/index.php\/category\/proveedores\/\" rel=\"category tag\">Proveedores<\/a>","author_info_v2":{"name":"INGMARMP","url":"https:\/\/prolim.mx\/index.php\/author\/null_oqf6b375\/"},"comments_num_v2":"0 comentarios","_links":{"self":[{"href":"https:\/\/prolim.mx\/index.php\/wp-json\/wp\/v2\/posts\/3932","targetHints":{"allow":["GET"]}}],"collection":[{"href":"https:\/\/prolim.mx\/index.php\/wp-json\/wp\/v2\/posts"}],"about":[{"href":"https:\/\/prolim.mx\/index.php\/wp-json\/wp\/v2\/types\/post"}],"author":[{"embeddable":true,"href":"https:\/\/prolim.mx\/index.php\/wp-json\/wp\/v2\/users\/1"}],"replies":[{"embeddable":true,"href":"https:\/\/prolim.mx\/index.php\/wp-json\/wp\/v2\/comments?post=3932"}],"version-history":[{"count":3,"href":"https:\/\/prolim.mx\/index.php\/wp-json\/wp\/v2\/posts\/3932\/revisions"}],"predecessor-version":[{"id":4929,"href":"https:\/\/prolim.mx\/index.php\/wp-json\/wp\/v2\/posts\/3932\/revisions\/4929"}],"wp:featuredmedia":[{"embeddable":true,"href":"https:\/\/prolim.mx\/index.php\/wp-json\/wp\/v2\/media\/3949"}],"wp:attachment":[{"href":"https:\/\/prolim.mx\/index.php\/wp-json\/wp\/v2\/media?parent=3932"}],"wp:term":[{"taxonomy":"category","embeddable":true,"href":"https:\/\/prolim.mx\/index.php\/wp-json\/wp\/v2\/categories?post=3932"},{"taxonomy":"post_tag","embeddable":true,"href":"https:\/\/prolim.mx\/index.php\/wp-json\/wp\/v2\/tags?post=3932"}],"curies":[{"name":"wp","href":"https:\/\/api.w.org\/{rel}","templated":true}]}}