{"id":3803,"date":"2018-06-04T19:37:35","date_gmt":"2018-06-04T19:37:35","guid":{"rendered":"http:\/\/prolim.mx\/?p=3803"},"modified":"2019-02-27T19:37:54","modified_gmt":"2019-02-27T19:37:54","slug":"3803","status":"publish","type":"post","link":"https:\/\/prolim.mx\/index.php\/2018\/06\/04\/3803\/","title":{"rendered":"Reconocimiento y confirmaci\u00f3n de nuevo puesto de Supervisor General Metropolitano para: Pedro Acosta."},"content":{"rendered":"<div id=\"pl-3803\" class=\"panel-layout\">\n<div id=\"pg-3803-0\" class=\"panel-grid panel-no-style\" data-style=\"{&quot;background_image_attachment&quot;:false,&quot;background_display&quot;:&quot;tile&quot;,&quot;cell_alignment&quot;:&quot;flex-start&quot;}\" data-ratio=\"1\" data-ratio-direction=\"right\">\n<div id=\"pgc-3803-0-0\" class=\"panel-grid-cell\" data-weight=\"1\">\n<div id=\"panel-3803-0-0-0\" class=\"so-panel widget widget_sow-editor panel-first-child panel-last-child\" data-index=\"0\" data-style=\"{&quot;background_image_attachment&quot;:false,&quot;background_display&quot;:&quot;tile&quot;}\">\n<div class=\"so-widget-sow-editor so-widget-sow-editor-base\">\n<h3 class=\"widget-title\">Pedro Acosta Ojeda<\/h3>\n<div class=\"siteorigin-widget-tinymce textwidget\">\n<p style=\"font-weight: 400;\">Despu\u00e9s de un proceso de evaluaci\u00f3n intenso y con la deliberaci\u00f3n del&nbsp;<strong>Comit\u00e9 de Evaluaci\u00f3n de Perfiles Laborales PROLIM 2018<\/strong>, el viernes 27 de abril del 2018 se confirm\u00f3 el ascenso de Supervisor Zonal a&nbsp;<strong><em>Supervisor General&nbsp;<\/em><\/strong>a nuestro compa\u00f1ero<em>Pedro Acosta.<\/em><\/p>\n<p style=\"font-weight: 400;\">\n<p style=\"font-weight: 400;\">Este ascenso forma parte del reconocimiento que se hace en nuestra Organizaci\u00f3n a la antig\u00fcedad, constancia, profesionalismo, dedicaci\u00f3n y entrega a las actividades de servicio para nuestros clientes y es pieza clave del&nbsp;<strong><em>Plan de Desarrollo Humano y Atracci\u00f3n de Talento&nbsp;<\/em><\/strong>dise\u00f1ado por nuestro&nbsp;<strong><em>Departamento de Recursos Humanos<\/em><\/strong>&nbsp;y es una pieza clave dentro de nuestro<strong><em>Programa Anual de Capacitaci\u00f3n y Desarrollo Humano 2018.<\/em><\/strong><\/p>\n<p style=\"font-weight: 400;\">(Para conocer m\u00e1s de este Programa ver:&nbsp;<a href=\"https:\/\/dev.prolim.mx\/espanol\/capacitacion.htm\" data-saferedirecturl=\"https:\/\/www.google.com\/url?hl=es&amp;q=https:\/\/dev.prolim.mx\/espanol\/capacitacion.htm&amp;source=gmail&amp;ust=1528209451986000&amp;usg=AFQjCNFEytPtlJcA3sNNByWNXyOs-BMXgA\">https:\/\/dev.prolim.mx\/espanol\/capacitacion.htm<\/a>).<\/p>\n<p style=\"font-weight: 400;\">\n<p style=\"font-weight: 400;\"><strong>Foto:&nbsp;<\/strong><strong><u>Rafael Jim\u00e9nez (Jefe de Recursos Humanos), Pedro Acosta (Supervisor General) y Ana Rub\u00edn (Coordinadora de Calidad y Capacitaci\u00f3n).<\/u><\/strong><\/p>\n<p style=\"font-weight: 400;\"><strong>&nbsp;<\/strong><\/p>\n<p style=\"font-weight: 400;\">Comprometidos con la evaluaci\u00f3n continua del desempe\u00f1o, el seguimiento a la trayectoria laboral, las evaluaciones de clientes, la aplicaci\u00f3n de ex\u00e1menes te\u00f3ricos, t\u00e9cnicos y psicom\u00e9tricos y entrevistas a los candidatos a este puesto con los miembros del<strong><em>Comit\u00e9 de Evaluaci\u00f3n de Perfiles Laborales<\/em><\/strong>, nuestro compa\u00f1ero Pedro qued\u00f3 seleccionado para llevar a cabo las funciones de este importante puesto.<\/p>\n<p style=\"font-weight: 400;\">\n<p style=\"font-weight: 400;\"><strong>Foto:<\/strong>&nbsp;<strong><u>Arturo S\u00e1nchez (Gerencia de Operaci\u00f3n y Servicio Metropolitano), Luis Romero (Supervisor General Metro), Ana Rub\u00edn (Coordinaci\u00f3n de Calidad y Capacitaci\u00f3n), Pedro Acosta, Jacqueline Mart\u00ednez (Supervisora General Metro), Jorge Ju\u00e1rez (Supervisor General Metro) y Rafael Jim\u00e9nez (Jefe de Recursos Humanos).<\/u><\/strong><\/p>\n<p style=\"font-weight: 400;\">\n<p style=\"font-weight: 400;\">Pedro ha desempe\u00f1ado el puesto de Supervisor Zonal Metropolitano por&nbsp;<strong>33 a\u00f1os<\/strong>&nbsp;y ha mostrado&nbsp;<strong><em>compromiso con la calidad, dedicaci\u00f3n a la excelencia en el servicio y compromiso con las personas<\/em><\/strong><em>&nbsp;<\/em>y es un ejemplo de nuestros valores.<\/p>\n<p style=\"font-weight: 400;\">\n<p style=\"font-weight: 400;\">En congruencia con&nbsp;<strong><em>nuestros valores fundamentales<\/em><\/strong>&nbsp;(<a href=\"http:\/\/www.prolim.mx\/espanol\/mision.htm\" data-saferedirecturl=\"https:\/\/www.google.com\/url?hl=es&amp;q=http:\/\/www.prolim.mx\/espanol\/mision.htm&amp;source=gmail&amp;ust=1528209451986000&amp;usg=AFQjCNGQmSCJOt9jidfyd3hC6Q3atph_bQ\">http:\/\/www.prolim.mx\/espanol\/mision.htm<\/a>)&nbsp;y alineados a nuestra Misi\u00f3n y Pol\u00edtica de Calidad, reconocemos el talento en nuestros colaboradores y fomentamos el crecimiento y desarrollo de nuestra familia PROLIM.<\/p>\n<p style=\"font-weight: 400;\">\n<p style=\"font-weight: 400;\">\n<p style=\"font-weight: 400;\"><strong>Pedro:<\/strong>&nbsp;muchas felicidades por esta nueva e importante responsabilidad y toda la familia PROLIM te desea lo mejor en esta nueva actividad que estamos seguros te llenar\u00e1 de satisfacci\u00f3n.<\/p>\n<p style=\"font-weight: 400;\">\n<p style=\"font-weight: 400;\"><strong>Foto:&nbsp;<\/strong><strong>Equipo de Operaci\u00f3n y Servicio CDMX y Zona Metropolitana: Excelencia y Calidad al servicio de nuestros clientes.<\/strong><\/p>\n<p style=\"font-weight: 400;\">\n<p style=\"font-weight: 400;\">\n<p style=\"font-weight: 400;\">Atentamente,<\/p>\n<p style=\"font-weight: 400;\">\n<p style=\"font-weight: 400;\"><strong><u>Recursos Humanos 2018.<\/u><\/strong><\/p>\n<p style=\"font-weight: 400;\"><strong><u>Comit\u00e9 de Evaluaci\u00f3n de Perfiles Laborales 2018.<\/u><\/strong><\/p>\n<p style=\"font-weight: 400;\"><strong><u>Comit\u00e9 de Responsabilidad Social PROLIM 2018.<\/u><\/strong><\/p>\n<p style=\"font-weight: 400;\"><strong><em>&nbsp;<\/em><\/strong><\/p>\n<p style=\"font-weight: 400;\"><strong><em>Escuchando y atendiendo tus necesidades.<\/em><\/strong><\/p>\n<p style=\"font-weight: 400;\">\n<\/div>\n<\/div>\n<\/div>\n<\/div>\n<\/div>\n<div id=\"pg-3803-1\" class=\"panel-grid panel-no-style\" data-style=\"{&quot;background_image_attachment&quot;:false,&quot;background_display&quot;:&quot;tile&quot;,&quot;cell_alignment&quot;:&quot;flex-start&quot;}\" data-ratio=\"1\" data-ratio-direction=\"right\">\n<div id=\"pgc-3803-1-0\" class=\"panel-grid-cell\" data-weight=\"0.33333333333333\">\n<div id=\"panel-3803-1-0-0\" class=\"so-panel widget widget_sow-image panel-first-child panel-last-child\" data-index=\"1\" data-style=\"{&quot;background_image_attachment&quot;:false,&quot;background_display&quot;:&quot;tile&quot;}\">[siteorigin_widget class=\u00bbSiteOrigin_Widget_Image_Widget\u00bb]<input type=\"hidden\" value=\"{&quot;instance&quot;:{&quot;image&quot;:3807,&quot;image_fallback&quot;:&quot;&quot;,&quot;size&quot;:&quot;full&quot;,&quot;align&quot;:&quot;default&quot;,&quot;title_align&quot;:&quot;default&quot;,&quot;title&quot;:&quot;&quot;,&quot;title_position&quot;:&quot;hidden&quot;,&quot;alt&quot;:&quot;&quot;,&quot;url&quot;:&quot;&quot;,&quot;bound&quot;:true,&quot;_sow_form_id&quot;:&quot;14989986225b1594c322a82682853066&quot;,&quot;_sow_form_timestamp&quot;:&quot;1528141018654&quot;,&quot;new_window&quot;:false,&quot;full_width&quot;:false},&quot;args&quot;:{&quot;before_widget&quot;:&quot;\n\n\n<div id=\\&quot;panel-3803-1-0-0\\&quot; class=\\&quot;so-panel widget widget_sow-image panel-first-child panel-last-child\\&quot; data-index=\\&quot;1\\&quot; data-style=\\&quot;{&amp;quot;background_image_attachment&amp;quot;:false,&amp;quot;background_display&amp;quot;:&amp;quot;tile&amp;quot;}\\&quot; >&quot;,&quot;after_widget&quot;:&quot;<\\\/div>&quot;,&quot;before_title&quot;:&quot;<\/p>\n<h3 class=\\&quot;widget-title\\&quot;>&quot;,&quot;after_title&quot;:&quot;<\\\/h3>&quot;,&quot;widget_id&quot;:&quot;widget-1-0-0&quot;}}\u00bb>[\/siteorigin_widget]<\/div>\n<\/div>\n<div id=\"pgc-3803-1-1\" class=\"panel-grid-cell\" data-weight=\"0.33333333333333\">\n<div id=\"panel-3803-1-1-0\" class=\"so-panel widget widget_sow-image panel-first-child panel-last-child\" data-index=\"2\" data-style=\"{&quot;background_image_attachment&quot;:false,&quot;background_display&quot;:&quot;tile&quot;}\">[siteorigin_widget class=\u00bbSiteOrigin_Widget_Image_Widget\u00bb]<input type=\"hidden\" value=\"{&quot;instance&quot;:{&quot;image&quot;:3806,&quot;image_fallback&quot;:&quot;&quot;,&quot;size&quot;:&quot;full&quot;,&quot;align&quot;:&quot;default&quot;,&quot;title_align&quot;:&quot;default&quot;,&quot;title&quot;:&quot;&quot;,&quot;title_position&quot;:&quot;hidden&quot;,&quot;alt&quot;:&quot;&quot;,&quot;url&quot;:&quot;&quot;,&quot;bound&quot;:true,&quot;_sow_form_id&quot;:&quot;1917702145b1594e098aeb780641886&quot;,&quot;_sow_form_timestamp&quot;:&quot;1528141031670&quot;,&quot;new_window&quot;:false,&quot;full_width&quot;:false},&quot;args&quot;:{&quot;before_widget&quot;:&quot;\n\n\n<div id=\\&quot;panel-3803-1-1-0\\&quot; class=\\&quot;so-panel widget widget_sow-image panel-first-child panel-last-child\\&quot; data-index=\\&quot;2\\&quot; data-style=\\&quot;{&amp;quot;background_image_attachment&amp;quot;:false,&amp;quot;background_display&amp;quot;:&amp;quot;tile&amp;quot;}\\&quot; >&quot;,&quot;after_widget&quot;:&quot;<\\\/div>&quot;,&quot;before_title&quot;:&quot;<\/p>\n<h3 class=\\&quot;widget-title\\&quot;>&quot;,&quot;after_title&quot;:&quot;<\\\/h3>&quot;,&quot;widget_id&quot;:&quot;widget-1-1-0&quot;}}\u00bb>[\/siteorigin_widget]<\/div>\n<\/div>\n<div id=\"pgc-3803-1-2\" class=\"panel-grid-cell\" data-weight=\"0.33333333333333\">\n<div id=\"panel-3803-1-2-0\" class=\"so-panel widget widget_sow-image panel-first-child panel-last-child\" data-index=\"3\" data-style=\"{&quot;background_image_attachment&quot;:false,&quot;background_display&quot;:&quot;tile&quot;}\">[siteorigin_widget class=\u00bbSiteOrigin_Widget_Image_Widget\u00bb]<input type=\"hidden\" value=\"{&quot;instance&quot;:{&quot;image&quot;:3805,&quot;image_fallback&quot;:&quot;&quot;,&quot;size&quot;:&quot;full&quot;,&quot;align&quot;:&quot;default&quot;,&quot;title_align&quot;:&quot;default&quot;,&quot;title&quot;:&quot;&quot;,&quot;title_position&quot;:&quot;hidden&quot;,&quot;alt&quot;:&quot;&quot;,&quot;url&quot;:&quot;&quot;,&quot;bound&quot;:true,&quot;_sow_form_id&quot;:&quot;3171650905b1594ec2d7b7573548443&quot;,&quot;_sow_form_timestamp&quot;:&quot;1528141045520&quot;,&quot;new_window&quot;:false,&quot;full_width&quot;:false},&quot;args&quot;:{&quot;before_widget&quot;:&quot;\n\n\n<div id=\\&quot;panel-3803-1-2-0\\&quot; class=\\&quot;so-panel widget widget_sow-image panel-first-child panel-last-child\\&quot; data-index=\\&quot;3\\&quot; data-style=\\&quot;{&amp;quot;background_image_attachment&amp;quot;:false,&amp;quot;background_display&amp;quot;:&amp;quot;tile&amp;quot;}\\&quot; >&quot;,&quot;after_widget&quot;:&quot;<\\\/div>&quot;,&quot;before_title&quot;:&quot;<\/p>\n<h3 class=\\&quot;widget-title\\&quot;>&quot;,&quot;after_title&quot;:&quot;<\\\/h3>&quot;,&quot;widget_id&quot;:&quot;widget-1-2-0&quot;}}\u00bb>[\/siteorigin_widget]<\/div>\n<\/div>\n<\/div>\n<\/div>\n","protected":false},"excerpt":{"rendered":"<p>Pedro Acosta Ojeda Despu\u00e9s de un proceso de evaluaci\u00f3n intenso y con la deliberaci\u00f3n del&nbsp;Comit\u00e9 de Evaluaci\u00f3n de Perfiles Laborales PROLIM 2018, el viernes 27 de abril del 2018 se confirm\u00f3 el ascenso de Supervisor Zonal a&nbsp;Supervisor General&nbsp;a nuestro compa\u00f1eroPedro Acosta. Este ascenso forma parte del reconocimiento que se hace en nuestra Organizaci\u00f3n a la [&hellip;]<\/p>\n","protected":false},"author":1,"featured_media":3804,"comment_status":"open","ping_status":"closed","sticky":false,"template":"","format":"standard","meta":{"_joinchat":[],"footnotes":""},"categories":[41],"tags":[],"class_list":["post-3803","post","type-post","status-publish","format-standard","has-post-thumbnail","hentry","category-reconocimiento"],"blocksy_meta":{"styles_descriptor":{"styles":{"desktop":"","tablet":"","mobile":""},"google_fonts":[],"version":6}},"featured_image_urls_v2":{"full":["https:\/\/prolim.mx\/wp-content\/uploads\/2018\/06\/Reconocimiento.jpg",385,385,false],"thumbnail":["https:\/\/prolim.mx\/wp-content\/uploads\/2018\/06\/Reconocimiento-150x150.jpg",150,150,true],"medium":["https:\/\/prolim.mx\/wp-content\/uploads\/2018\/06\/Reconocimiento.jpg",385,385,false],"medium_large":["https:\/\/prolim.mx\/wp-content\/uploads\/2018\/06\/Reconocimiento.jpg",385,385,false],"large":["https:\/\/prolim.mx\/wp-content\/uploads\/2018\/06\/Reconocimiento.jpg",385,385,false],"1536x1536":["https:\/\/prolim.mx\/wp-content\/uploads\/2018\/06\/Reconocimiento.jpg",385,385,false],"2048x2048":["https:\/\/prolim.mx\/wp-content\/uploads\/2018\/06\/Reconocimiento.jpg",385,385,false],"smart-post-landscape":["https:\/\/prolim.mx\/wp-content\/uploads\/2018\/06\/Reconocimiento.jpg",385,385,false],"smart-post-portrait":["https:\/\/prolim.mx\/wp-content\/uploads\/2018\/06\/Reconocimiento.jpg",385,385,false]},"post_excerpt_stackable_v2":"<p>Pedro Acosta Ojeda Despu\u00e9s de un proceso de evaluaci\u00f3n intenso y con la deliberaci\u00f3n del&nbsp;Comit\u00e9 de Evaluaci\u00f3n de Perfiles Laborales PROLIM 2018, el viernes 27 de abril del 2018 se confirm\u00f3 el ascenso de Supervisor Zonal a&nbsp;Supervisor General&nbsp;a nuestro compa\u00f1eroPedro Acosta. Este ascenso forma parte del reconocimiento que se hace en nuestra Organizaci\u00f3n a la antig\u00fcedad, constancia, profesionalismo, dedicaci\u00f3n y entrega a las actividades de servicio para nuestros clientes y es pieza clave del&nbsp;Plan de Desarrollo Humano y Atracci\u00f3n de Talento&nbsp;dise\u00f1ado por nuestro&nbsp;Departamento de Recursos Humanos&nbsp;y es una pieza clave dentro de nuestroPrograma Anual de Capacitaci\u00f3n y Desarrollo Humano 2018.&hellip;<\/p>\n","category_list_v2":"<a href=\"https:\/\/prolim.mx\/index.php\/category\/reconocimiento\/\" rel=\"category tag\">Reconocimiento<\/a>","author_info_v2":{"name":"INGMARMP","url":"https:\/\/prolim.mx\/index.php\/author\/null_oqf6b375\/"},"comments_num_v2":"0 comentarios","_links":{"self":[{"href":"https:\/\/prolim.mx\/index.php\/wp-json\/wp\/v2\/posts\/3803","targetHints":{"allow":["GET"]}}],"collection":[{"href":"https:\/\/prolim.mx\/index.php\/wp-json\/wp\/v2\/posts"}],"about":[{"href":"https:\/\/prolim.mx\/index.php\/wp-json\/wp\/v2\/types\/post"}],"author":[{"embeddable":true,"href":"https:\/\/prolim.mx\/index.php\/wp-json\/wp\/v2\/users\/1"}],"replies":[{"embeddable":true,"href":"https:\/\/prolim.mx\/index.php\/wp-json\/wp\/v2\/comments?post=3803"}],"version-history":[{"count":7,"href":"https:\/\/prolim.mx\/index.php\/wp-json\/wp\/v2\/posts\/3803\/revisions"}],"predecessor-version":[{"id":4934,"href":"https:\/\/prolim.mx\/index.php\/wp-json\/wp\/v2\/posts\/3803\/revisions\/4934"}],"wp:featuredmedia":[{"embeddable":true,"href":"https:\/\/prolim.mx\/index.php\/wp-json\/wp\/v2\/media\/3804"}],"wp:attachment":[{"href":"https:\/\/prolim.mx\/index.php\/wp-json\/wp\/v2\/media?parent=3803"}],"wp:term":[{"taxonomy":"category","embeddable":true,"href":"https:\/\/prolim.mx\/index.php\/wp-json\/wp\/v2\/categories?post=3803"},{"taxonomy":"post_tag","embeddable":true,"href":"https:\/\/prolim.mx\/index.php\/wp-json\/wp\/v2\/tags?post=3803"}],"curies":[{"name":"wp","href":"https:\/\/api.w.org\/{rel}","templated":true}]}}