{"id":27987,"date":"2024-05-29T08:00:00","date_gmt":"2024-05-29T14:00:00","guid":{"rendered":"https:\/\/50.prolim.mx\/?p=27987"},"modified":"2024-05-28T22:10:34","modified_gmt":"2024-05-29T04:10:34","slug":"grupo-prolim-te-invita-al-1er-congreso-de-la-federacion-mundial-de-contratistas-de-servicios-a-instalaciones","status":"publish","type":"post","link":"https:\/\/prolim.mx\/index.php\/2024\/05\/29\/grupo-prolim-te-invita-al-1er-congreso-de-la-federacion-mundial-de-contratistas-de-servicios-a-instalaciones\/","title":{"rendered":"Grupo PROLIM te Invita al 1er Congreso de la Federaci\u00f3n Mundial de Contratistas de Servicios a Instalaciones"},"content":{"rendered":"\n<p><strong>Canc\u00fan, Quintana Roo, M\u00e9xico \u2013 5 al 7 de Junio, 2024<\/strong><\/p>\n\n\n\n<p>La Federaci\u00f3n Mundial de Contratistas de Servicios a Instalaciones (WFFSC) se complace en anunciar su primer Congreso en Canc\u00fan, bajo el tema: <strong>\u201cSer, hacer y crecer en el mundo del Facility\u201d<\/strong>. Este evento pionero tiene como objetivo mejorar la calidad y las pr\u00e1cticas operativas-productivas en el sector, promoviendo la profesionalizaci\u00f3n y generaci\u00f3n de valor mediante la implementaci\u00f3n de tecnolog\u00edas, productos y servicios en un contexto global de negocios.<\/p>\n\n\n\n<h3 class=\"wp-block-heading\">\u00bfPor Qu\u00e9 Participar en el Evento?<\/h3>\n\n\n\n<p>Este congreso ofrece una oportunidad \u00fanica para los profesionales de la industria de servicios a instalaciones, con actividades dise\u00f1adas para fomentar la vinculaci\u00f3n de negocios, el aprendizaje y el networking. A continuaci\u00f3n, te contamos m\u00e1s sobre lo que puedes esperar:<\/p>\n\n\n\n<h4 class=\"wp-block-heading\">Vinculaci\u00f3n de Negocios<\/h4>\n\n\n\n<p>Durante el congreso, tendr\u00e1s la oportunidad de realizar importantes v\u00ednculos de negocios con directivos y gerentes de los grupos empresariales que forman parte de la WFFSC. Este es un espacio ideal para intercambiar experiencias y generar alianzas estrat\u00e9gicas.<\/p>\n\n\n\n<h4 class=\"wp-block-heading\">Talleres<\/h4>\n\n\n\n<p>Participa en nuestros talleres especializados que abordar\u00e1n una amplia variedad de temas relevantes para la industria. Desde avances tecnol\u00f3gicos en mantenimiento y gesti\u00f3n de instalaciones hasta estrategias sostenibles y tendencias emergentes en el campo, nuestros talleres te proporcionar\u00e1n el conocimiento necesario para llevar tu negocio al siguiente nivel.<\/p>\n\n\n\n<h4 class=\"wp-block-heading\">Conferencias Magistrales<\/h4>\n\n\n\n<p>Hemos seleccionado a nueve conferencistas de primer nivel que compartir\u00e1n sus estrategias, herramientas y competencias clave. Estas conferencias te proporcionar\u00e1n insights valiosos y pr\u00e1cticos que a\u00f1adir\u00e1n valor a tu negocio.<\/p>\n\n\n\n<h4 class=\"wp-block-heading\">Capacitaci\u00f3n<\/h4>\n\n\n\n<p>Un equipo de profesionistas certificados ofrecer\u00e1 formaci\u00f3n empresarial sobre los principales temas del entorno de Facilities, tanto en M\u00e9xico como a nivel mundial. Esta capacitaci\u00f3n te brindar\u00e1 las competencias necesarias para destacar en la industria.<\/p>\n\n\n\n<h4 class=\"wp-block-heading\">Networking<\/h4>\n\n\n\n<p>Disfruta de una experiencia \u00fanica de conexi\u00f3n y colaboraci\u00f3n dentro de la industria global de servicios a instalaciones. Este evento brindar\u00e1 a los participantes la oportunidad de establecer contactos valiosos con profesionales destacados, l\u00edderes de la industria y expertos en diversos aspectos del sector.<\/p>\n\n\n\n<h3 class=\"wp-block-heading\">\u00a1No te lo pierdas!<\/h3>\n\n\n\n<p>\u00danete a nosotros del 5 al 7 de Junio en Canc\u00fan y s\u00e9 parte del 1er Congreso de la WFFSC. Aprovecha esta oportunidad para crecer profesionalmente, hacer conexiones valiosas y estar al d\u00eda con las \u00faltimas tendencias y tecnolog\u00edas en el mundo del Facility Management.<\/p>\n\n\n\n<div class=\"wp-block-stackable-image stk-block-image stk-block stk-6f13358\" data-block-id=\"6f13358\"><figure><span class=\"stk-img-wrapper stk-image--shape-stretch\"><img loading=\"lazy\" decoding=\"async\" class=\"stk-img wp-image-27988\" src=\"https:\/\/50.prolim.mx\/wp-content\/uploads\/2024\/05\/congreso.png\" width=\"1080\" height=\"1080\" srcset=\"https:\/\/prolim.mx\/wp-content\/uploads\/2024\/05\/congreso.png 1080w, https:\/\/prolim.mx\/wp-content\/uploads\/2024\/05\/congreso-480x480.png 480w, https:\/\/prolim.mx\/wp-content\/uploads\/2024\/05\/congreso-150x150.png 150w, https:\/\/prolim.mx\/wp-content\/uploads\/2024\/05\/congreso-768x768.png 768w\" sizes=\"auto, (max-width: 1080px) 100vw, 1080px\" \/><\/span><\/figure><\/div>\n","protected":false},"excerpt":{"rendered":"<p>Canc\u00fan, Quintana Roo, M\u00e9xico \u2013 5 al 7 de Junio, 2024 La Federaci\u00f3n Mundial de Contratistas de Servicios a Instalaciones (WFFSC) se complace en anunciar su primer Congreso en Canc\u00fan, bajo el tema: \u201cSer, hacer y crecer en el mundo del Facility\u201d. Este evento pionero tiene como objetivo mejorar la calidad y las pr\u00e1cticas operativas-productivas [&hellip;]<\/p>\n","protected":false},"author":1,"featured_media":27988,"comment_status":"closed","ping_status":"closed","sticky":false,"template":"","format":"standard","meta":{"_joinchat":[],"footnotes":""},"categories":[65,50,45,53,1,51,66,75,40,44,41],"tags":[94,95,89,91,123,92,71,90],"class_list":["post-27987","post","type-post","status-publish","format-standard","has-post-thumbnail","hentry","category-agency","category-capacitacion","category-comite-de-calidad","category-consejos-prolim","category-uncategorized","category-innovacion","category-news","category-noticias-prolim","category-productividad","category-proveedores","category-reconocimiento","tag-capacitacionlaboral","tag-certificacionesylicencias","tag-facilitiesmanagement","tag-innovacionenlimpieza","tag-liderazgoempresarial","tag-limpiezaprofesional","tag-prolim","tag-serviciosdelimpieza"],"blocksy_meta":[],"featured_image_urls_v2":{"full":["https:\/\/prolim.mx\/wp-content\/uploads\/2024\/05\/congreso.png",1080,1080,false],"thumbnail":["https:\/\/prolim.mx\/wp-content\/uploads\/2024\/05\/congreso-150x150.png",150,150,true],"medium":["https:\/\/prolim.mx\/wp-content\/uploads\/2024\/05\/congreso-480x480.png",480,480,true],"medium_large":["https:\/\/prolim.mx\/wp-content\/uploads\/2024\/05\/congreso-768x768.png",768,768,true],"large":["https:\/\/prolim.mx\/wp-content\/uploads\/2024\/05\/congreso.png",1080,1080,false],"1536x1536":["https:\/\/prolim.mx\/wp-content\/uploads\/2024\/05\/congreso.png",1080,1080,false],"2048x2048":["https:\/\/prolim.mx\/wp-content\/uploads\/2024\/05\/congreso.png",1080,1080,false],"smart-post-landscape":["https:\/\/prolim.mx\/wp-content\/uploads\/2024\/05\/congreso.png",570,570,false],"smart-post-portrait":["https:\/\/prolim.mx\/wp-content\/uploads\/2024\/05\/congreso.png",600,600,false]},"post_excerpt_stackable_v2":"<p>Canc\u00fan, Quintana Roo, M\u00e9xico \u2013 5 al 7 de Junio, 2024 La Federaci\u00f3n Mundial de Contratistas de Servicios a Instalaciones (WFFSC) se complace en anunciar su primer Congreso en Canc\u00fan, bajo el tema: \u201cSer, hacer y crecer en el mundo del Facility\u201d. Este evento pionero tiene como objetivo mejorar la calidad y las pr\u00e1cticas operativas-productivas en el sector, promoviendo la profesionalizaci\u00f3n y generaci\u00f3n de valor mediante la implementaci\u00f3n de tecnolog\u00edas, productos y servicios en un contexto global de negocios. \u00bfPor Qu\u00e9 Participar en el Evento? Este congreso ofrece una oportunidad \u00fanica para los profesionales de la industria de servicios a&hellip;<\/p>\n","category_list_v2":"<a href=\"https:\/\/prolim.mx\/index.php\/category\/agency\/\" rel=\"category tag\">agency<\/a>, <a href=\"https:\/\/prolim.mx\/index.php\/category\/capacitacion\/\" rel=\"category tag\">Capacitaci\u00f3n<\/a>, <a href=\"https:\/\/prolim.mx\/index.php\/category\/comite-de-calidad\/\" rel=\"category tag\">Comit\u00e9 de Calidad<\/a>, <a href=\"https:\/\/prolim.mx\/index.php\/category\/consejos-prolim\/\" rel=\"category tag\">Consejos PROLIM<\/a>, <a href=\"https:\/\/prolim.mx\/index.php\/category\/uncategorized\/\" rel=\"category tag\">Desarrollo Humano<\/a>, <a href=\"https:\/\/prolim.mx\/index.php\/category\/innovacion\/\" rel=\"category tag\">Innovaci\u00f3n<\/a>, <a href=\"https:\/\/prolim.mx\/index.php\/category\/news\/\" rel=\"category tag\">news<\/a>, <a href=\"https:\/\/prolim.mx\/index.php\/category\/noticias-prolim\/\" rel=\"category tag\">Noticias PROLIM<\/a>, <a href=\"https:\/\/prolim.mx\/index.php\/category\/productividad\/\" rel=\"category tag\">Productividad<\/a>, <a href=\"https:\/\/prolim.mx\/index.php\/category\/proveedores\/\" rel=\"category tag\">Proveedores<\/a>, <a href=\"https:\/\/prolim.mx\/index.php\/category\/reconocimiento\/\" rel=\"category tag\">Reconocimiento<\/a>","author_info_v2":{"name":"INGMARMP","url":"https:\/\/prolim.mx\/index.php\/author\/null_oqf6b375\/"},"comments_num_v2":"0 comentarios","_links":{"self":[{"href":"https:\/\/prolim.mx\/index.php\/wp-json\/wp\/v2\/posts\/27987","targetHints":{"allow":["GET"]}}],"collection":[{"href":"https:\/\/prolim.mx\/index.php\/wp-json\/wp\/v2\/posts"}],"about":[{"href":"https:\/\/prolim.mx\/index.php\/wp-json\/wp\/v2\/types\/post"}],"author":[{"embeddable":true,"href":"https:\/\/prolim.mx\/index.php\/wp-json\/wp\/v2\/users\/1"}],"replies":[{"embeddable":true,"href":"https:\/\/prolim.mx\/index.php\/wp-json\/wp\/v2\/comments?post=27987"}],"version-history":[{"count":1,"href":"https:\/\/prolim.mx\/index.php\/wp-json\/wp\/v2\/posts\/27987\/revisions"}],"predecessor-version":[{"id":27989,"href":"https:\/\/prolim.mx\/index.php\/wp-json\/wp\/v2\/posts\/27987\/revisions\/27989"}],"wp:featuredmedia":[{"embeddable":true,"href":"https:\/\/prolim.mx\/index.php\/wp-json\/wp\/v2\/media\/27988"}],"wp:attachment":[{"href":"https:\/\/prolim.mx\/index.php\/wp-json\/wp\/v2\/media?parent=27987"}],"wp:term":[{"taxonomy":"category","embeddable":true,"href":"https:\/\/prolim.mx\/index.php\/wp-json\/wp\/v2\/categories?post=27987"},{"taxonomy":"post_tag","embeddable":true,"href":"https:\/\/prolim.mx\/index.php\/wp-json\/wp\/v2\/tags?post=27987"}],"curies":[{"name":"wp","href":"https:\/\/api.w.org\/{rel}","templated":true}]}}