{"id":27876,"date":"2024-04-12T09:01:00","date_gmt":"2024-04-12T15:01:00","guid":{"rendered":"https:\/\/50.prolim.mx\/?p=27876"},"modified":"2024-04-10T15:08:17","modified_gmt":"2024-04-10T21:08:17","slug":"exito-del-equipo-gerencial-y-de-supervision-de-operacion-y-servicio-de-prolim-en-la-expo-2024-reimagina-de-office-max","status":"publish","type":"post","link":"https:\/\/prolim.mx\/index.php\/2024\/04\/12\/exito-del-equipo-gerencial-y-de-supervision-de-operacion-y-servicio-de-prolim-en-la-expo-2024-reimagina-de-office-max\/","title":{"rendered":"\u00c9xito del Equipo Gerencial y de Supervisi\u00f3n de Operaci\u00f3n y Servicio de PROLIM en la Expo 2024 REimagina de Office Max"},"content":{"rendered":"\n<p><\/p>\n\n\n\n<p>\u00a1Felicidades a nuestro destacado equipo gerencial y de supervisi\u00f3n de operaci\u00f3n y servicio de PROLIM por su brillante participaci\u00f3n en la Expo 2024 REimagina, organizada por nuestro valioso cliente Office Max!<\/p>\n\n\n\n<p>Durante este evento de vanguardia, nuestro equipo demostr\u00f3 su dedicaci\u00f3n, profesionalismo y capacidad para ofrecer soluciones innovadoras que impulsan el crecimiento y la eficiencia en cada interacci\u00f3n con nuestros clientes. La Expo 2024 REimagina proporcion\u00f3 una plataforma invaluable para mostrar nuestro compromiso con la excelencia y el progreso continuo en el \u00e1mbito de la gesti\u00f3n operativa y de servicio.<\/p>\n\n\n\n<figure class=\"wp-block-image size-full\"><img loading=\"lazy\" decoding=\"async\" width=\"1080\" height=\"1080\" src=\"https:\/\/50.prolim.mx\/wp-content\/uploads\/2024\/04\/7.png\" alt=\"\" class=\"wp-image-27877\" srcset=\"https:\/\/prolim.mx\/wp-content\/uploads\/2024\/04\/7.png 1080w, https:\/\/prolim.mx\/wp-content\/uploads\/2024\/04\/7-480x480.png 480w, https:\/\/prolim.mx\/wp-content\/uploads\/2024\/04\/7-150x150.png 150w, https:\/\/prolim.mx\/wp-content\/uploads\/2024\/04\/7-768x768.png 768w\" sizes=\"auto, (max-width: 1080px) 100vw, 1080px\" \/><\/figure>\n\n\n\n<p>Desde la presentaci\u00f3n de las \u00faltimas tecnolog\u00edas hasta la demostraci\u00f3n de las mejores pr\u00e1cticas en el servicio al cliente, nuestro equipo se destac\u00f3 por su conocimiento experto y su enfoque centrado en el cliente. Su participaci\u00f3n activa y su entusiasmo contribuyeron en gran medida al \u00e9xito general del evento y reforzaron nuestra posici\u00f3n como l\u00edderes en la industria.<\/p>\n\n\n\n<p>Nos enorgullece enormemente el desempe\u00f1o excepcional de nuestro equipo gerencial y de supervisi\u00f3n, cuyo arduo trabajo y dedicaci\u00f3n contin\u00faan impulsando el \u00e9xito de PROLIM y fortaleciendo nuestra relaci\u00f3n con Office Max. \u00a1Sigamos adelante con determinaci\u00f3n y visi\u00f3n, listos para enfrentar nuevos desaf\u00edos y alcanzar nuevas metas juntos!<\/p>\n\n\n\n<div class=\"wp-block-stackable-image stk-block-image stk-block stk-ba438bc\" data-block-id=\"ba438bc\"><figure><span class=\"stk-img-wrapper stk-image--shape-stretch\"><img loading=\"lazy\" decoding=\"async\" class=\"stk-img wp-image-27878\" src=\"https:\/\/50.prolim.mx\/wp-content\/uploads\/2024\/04\/8.png\" width=\"1080\" height=\"1080\" srcset=\"https:\/\/prolim.mx\/wp-content\/uploads\/2024\/04\/8.png 1080w, https:\/\/prolim.mx\/wp-content\/uploads\/2024\/04\/8-480x480.png 480w, https:\/\/prolim.mx\/wp-content\/uploads\/2024\/04\/8-150x150.png 150w, https:\/\/prolim.mx\/wp-content\/uploads\/2024\/04\/8-768x768.png 768w\" sizes=\"auto, (max-width: 1080px) 100vw, 1080px\" \/><\/span><\/figure><\/div>\n","protected":false},"excerpt":{"rendered":"<p>\u00a1Felicidades a nuestro destacado equipo gerencial y de supervisi\u00f3n de operaci\u00f3n y servicio de PROLIM por su brillante participaci\u00f3n en la Expo 2024 REimagina, organizada por nuestro valioso cliente Office Max! Durante este evento de vanguardia, nuestro equipo demostr\u00f3 su dedicaci\u00f3n, profesionalismo y capacidad para ofrecer soluciones innovadoras que impulsan el crecimiento y la eficiencia [&hellip;]<\/p>\n","protected":false},"author":1,"featured_media":27877,"comment_status":"closed","ping_status":"closed","sticky":false,"template":"","format":"standard","meta":{"_joinchat":[],"footnotes":""},"categories":[65,50,45,53,1,51,66,75,40,44,41,43,52,142],"tags":[94,95,89,123,92,71,90],"class_list":["post-27876","post","type-post","status-publish","format-standard","has-post-thumbnail","hentry","category-agency","category-capacitacion","category-comite-de-calidad","category-consejos-prolim","category-uncategorized","category-innovacion","category-news","category-noticias-prolim","category-productividad","category-proveedores","category-reconocimiento","category-recursos-humanos","category-servicio","category-tecnologia","tag-capacitacionlaboral","tag-certificacionesylicencias","tag-facilitiesmanagement","tag-liderazgoempresarial","tag-limpiezaprofesional","tag-prolim","tag-serviciosdelimpieza"],"blocksy_meta":[],"featured_image_urls_v2":{"full":["https:\/\/prolim.mx\/wp-content\/uploads\/2024\/04\/7.png",1080,1080,false],"thumbnail":["https:\/\/prolim.mx\/wp-content\/uploads\/2024\/04\/7-150x150.png",150,150,true],"medium":["https:\/\/prolim.mx\/wp-content\/uploads\/2024\/04\/7-480x480.png",480,480,true],"medium_large":["https:\/\/prolim.mx\/wp-content\/uploads\/2024\/04\/7-768x768.png",768,768,true],"large":["https:\/\/prolim.mx\/wp-content\/uploads\/2024\/04\/7.png",1080,1080,false],"1536x1536":["https:\/\/prolim.mx\/wp-content\/uploads\/2024\/04\/7.png",1080,1080,false],"2048x2048":["https:\/\/prolim.mx\/wp-content\/uploads\/2024\/04\/7.png",1080,1080,false],"smart-post-landscape":["https:\/\/prolim.mx\/wp-content\/uploads\/2024\/04\/7.png",570,570,false],"smart-post-portrait":["https:\/\/prolim.mx\/wp-content\/uploads\/2024\/04\/7.png",600,600,false]},"post_excerpt_stackable_v2":"<p>\u00a1Felicidades a nuestro destacado equipo gerencial y de supervisi\u00f3n de operaci\u00f3n y servicio de PROLIM por su brillante participaci\u00f3n en la Expo 2024 REimagina, organizada por nuestro valioso cliente Office Max! Durante este evento de vanguardia, nuestro equipo demostr\u00f3 su dedicaci\u00f3n, profesionalismo y capacidad para ofrecer soluciones innovadoras que impulsan el crecimiento y la eficiencia en cada interacci\u00f3n con nuestros clientes. La Expo 2024 REimagina proporcion\u00f3 una plataforma invaluable para mostrar nuestro compromiso con la excelencia y el progreso continuo en el \u00e1mbito de la gesti\u00f3n operativa y de servicio. Desde la presentaci\u00f3n de las \u00faltimas tecnolog\u00edas hasta la demostraci\u00f3n&hellip;<\/p>\n","category_list_v2":"<a href=\"https:\/\/prolim.mx\/index.php\/category\/agency\/\" rel=\"category tag\">agency<\/a>, <a href=\"https:\/\/prolim.mx\/index.php\/category\/capacitacion\/\" rel=\"category tag\">Capacitaci\u00f3n<\/a>, <a href=\"https:\/\/prolim.mx\/index.php\/category\/comite-de-calidad\/\" rel=\"category tag\">Comit\u00e9 de Calidad<\/a>, <a href=\"https:\/\/prolim.mx\/index.php\/category\/consejos-prolim\/\" rel=\"category tag\">Consejos PROLIM<\/a>, <a href=\"https:\/\/prolim.mx\/index.php\/category\/uncategorized\/\" rel=\"category tag\">Desarrollo Humano<\/a>, <a href=\"https:\/\/prolim.mx\/index.php\/category\/innovacion\/\" rel=\"category tag\">Innovaci\u00f3n<\/a>, <a href=\"https:\/\/prolim.mx\/index.php\/category\/news\/\" rel=\"category tag\">news<\/a>, <a href=\"https:\/\/prolim.mx\/index.php\/category\/noticias-prolim\/\" rel=\"category tag\">Noticias PROLIM<\/a>, <a href=\"https:\/\/prolim.mx\/index.php\/category\/productividad\/\" rel=\"category tag\">Productividad<\/a>, <a href=\"https:\/\/prolim.mx\/index.php\/category\/proveedores\/\" rel=\"category tag\">Proveedores<\/a>, <a href=\"https:\/\/prolim.mx\/index.php\/category\/reconocimiento\/\" rel=\"category tag\">Reconocimiento<\/a>, <a href=\"https:\/\/prolim.mx\/index.php\/category\/recursos-humanos\/\" rel=\"category tag\">Recursos Humanos<\/a>, <a href=\"https:\/\/prolim.mx\/index.php\/category\/servicio\/\" rel=\"category tag\">Servicio<\/a>, <a href=\"https:\/\/prolim.mx\/index.php\/category\/tecnologia\/\" rel=\"category tag\">Tecnolog\u00eda<\/a>","author_info_v2":{"name":"INGMARMP","url":"https:\/\/prolim.mx\/index.php\/author\/null_oqf6b375\/"},"comments_num_v2":"0 comentarios","_links":{"self":[{"href":"https:\/\/prolim.mx\/index.php\/wp-json\/wp\/v2\/posts\/27876","targetHints":{"allow":["GET"]}}],"collection":[{"href":"https:\/\/prolim.mx\/index.php\/wp-json\/wp\/v2\/posts"}],"about":[{"href":"https:\/\/prolim.mx\/index.php\/wp-json\/wp\/v2\/types\/post"}],"author":[{"embeddable":true,"href":"https:\/\/prolim.mx\/index.php\/wp-json\/wp\/v2\/users\/1"}],"replies":[{"embeddable":true,"href":"https:\/\/prolim.mx\/index.php\/wp-json\/wp\/v2\/comments?post=27876"}],"version-history":[{"count":1,"href":"https:\/\/prolim.mx\/index.php\/wp-json\/wp\/v2\/posts\/27876\/revisions"}],"predecessor-version":[{"id":27879,"href":"https:\/\/prolim.mx\/index.php\/wp-json\/wp\/v2\/posts\/27876\/revisions\/27879"}],"wp:featuredmedia":[{"embeddable":true,"href":"https:\/\/prolim.mx\/index.php\/wp-json\/wp\/v2\/media\/27877"}],"wp:attachment":[{"href":"https:\/\/prolim.mx\/index.php\/wp-json\/wp\/v2\/media?parent=27876"}],"wp:term":[{"taxonomy":"category","embeddable":true,"href":"https:\/\/prolim.mx\/index.php\/wp-json\/wp\/v2\/categories?post=27876"},{"taxonomy":"post_tag","embeddable":true,"href":"https:\/\/prolim.mx\/index.php\/wp-json\/wp\/v2\/tags?post=27876"}],"curies":[{"name":"wp","href":"https:\/\/api.w.org\/{rel}","templated":true}]}}