{"id":27860,"date":"2024-03-25T23:59:13","date_gmt":"2024-03-26T05:59:13","guid":{"rendered":"https:\/\/50.prolim.mx\/?p=27860"},"modified":"2024-04-02T10:36:10","modified_gmt":"2024-04-02T16:36:10","slug":"presentamos-las-nuevas-credenciales-prolim-2024","status":"publish","type":"post","link":"https:\/\/prolim.mx\/index.php\/2024\/03\/25\/presentamos-las-nuevas-credenciales-prolim-2024\/","title":{"rendered":"\u00a1Presentamos las Nuevas Credenciales PROLIM 2024!"},"content":{"rendered":"\n<p>Nos complace anunciar el lanzamiento del nuevo dise\u00f1o de las credenciales PROLIM para el a\u00f1o 2024. Este emocionante cambio refleja nuestro compromiso continuo con la innovaci\u00f3n y la excelencia en el servicio que ofrecemos a nuestros clientes y socios.<\/p>\n\n\n\n<div class=\"wp-block-stackable-image stk-block-image stk-block stk-bef4481\" data-block-id=\"bef4481\"><figure><span class=\"stk-img-wrapper stk-image--shape-stretch\"><img loading=\"lazy\" decoding=\"async\" class=\"stk-img wp-image-27861\" src=\"https:\/\/50.prolim.mx\/wp-content\/uploads\/2024\/03\/Conoce-nuestras-credenciales.png\" width=\"1080\" height=\"1080\" srcset=\"https:\/\/prolim.mx\/wp-content\/uploads\/2024\/03\/Conoce-nuestras-credenciales.png 1080w, https:\/\/prolim.mx\/wp-content\/uploads\/2024\/03\/Conoce-nuestras-credenciales-480x480.png 480w, https:\/\/prolim.mx\/wp-content\/uploads\/2024\/03\/Conoce-nuestras-credenciales-150x150.png 150w, https:\/\/prolim.mx\/wp-content\/uploads\/2024\/03\/Conoce-nuestras-credenciales-768x768.png 768w\" sizes=\"auto, (max-width: 1080px) 100vw, 1080px\" \/><\/span><\/figure><\/div>\n\n\n\n<p><strong>\u00bfQu\u00e9 puedes esperar del nuevo dise\u00f1o?<\/strong><\/p>\n\n\n\n<ol class=\"wp-block-list\">\n<li><strong>Aspecto Moderno y Profesional:<\/strong> Las nuevas credenciales PROLIM destacan por su dise\u00f1o moderno y profesional, que refleja la vanguardia de nuestra empresa en el sector.<\/li>\n\n\n\n<li><strong>Secciones Mejoradas:<\/strong> Hemos revisado y mejorado las diferentes secciones de las credenciales para proporcionar informaci\u00f3n m\u00e1s clara y completa sobre nuestros servicios, valores y compromisos.<\/li>\n\n\n\n<li><strong>Identificaci\u00f3n con QR :<\/strong> Con un dise\u00f1o m\u00e1s claro y llamativo, nuestras credenciales PROLIM son f\u00e1cilmente identificables, lo que facilita su uso tanto para nuestros colaboradores como para nuestros clientes.<\/li>\n<\/ol>\n\n\n\n<p><strong>Novedades Adicionales:<\/strong><\/p>\n\n\n\n<ul class=\"wp-block-list\">\n<li><strong>QR Presentaci\u00f3n Comercial:<\/strong> Escanea el QR de la presentaci\u00f3n comercial PROLIM para acceder a informaci\u00f3n detallada sobre nuestros servicios y soluciones.<\/li>\n\n\n\n<li><strong>QR REPSE:<\/strong> Accede f\u00e1cilmente al Registro (REPSE) mediante el QR correspondiente en nuestras credenciales.<\/li>\n\n\n\n<li><strong>QR Cuestionario de Satisfacci\u00f3n de Clientes:<\/strong> Tu opini\u00f3n es fundamental para nosotros. Escanea el QR del cuestionario de satisfacci\u00f3n de clientes y ay\u00fadanos a mejorar continuamente nuestro servicio.<\/li>\n<\/ul>\n\n\n\n<p><strong>\u00a1\u00danete al Futuro con PROLIM!<\/strong><\/p>\n\n\n\n<p>Estamos entusiasmados de presentar estas nuevas credenciales que representan la evoluci\u00f3n y el crecimiento constante de nuestra empresa. En PROLIM, seguimos comprometidos en brindar soluciones de calidad y en mantenernos a la vanguardia de la industria.<\/p>\n\n\n\n<p>\u00a1Gracias por ser parte de esta emocionante etapa de nuestra historia! Continuaremos trabajando arduamente para superar tus expectativas y seguir siendo tu socio confiable en todas tus necesidades empresariales.<\/p>\n\n\n\n<p>Para m\u00e1s informaci\u00f3n sobre nuestras credenciales y servicios, no dudes en contactarnos. \u00a1Estamos aqu\u00ed para servirte!<\/p>\n\n\n\n<p>Atentamente,<\/p>\n\n\n\n<p>El equipo de PROLIM<\/p>\n","protected":false},"excerpt":{"rendered":"<p>Nos complace anunciar el lanzamiento del nuevo dise\u00f1o de las credenciales PROLIM para el a\u00f1o 2024. Este emocionante cambio refleja nuestro compromiso continuo con la innovaci\u00f3n y la excelencia en el servicio que ofrecemos a nuestros clientes y socios. \u00bfQu\u00e9 puedes esperar del nuevo dise\u00f1o? Novedades Adicionales: \u00a1\u00danete al Futuro con PROLIM! Estamos entusiasmados de [&hellip;]<\/p>\n","protected":false},"author":1,"featured_media":27861,"comment_status":"closed","ping_status":"closed","sticky":false,"template":"","format":"standard","meta":{"_joinchat":[],"footnotes":""},"categories":[50,45,53,51,66,75,40,44,43,49],"tags":[94,95,89,91,123,92,71,143,90],"class_list":["post-27860","post","type-post","status-publish","format-standard","has-post-thumbnail","hentry","category-capacitacion","category-comite-de-calidad","category-consejos-prolim","category-innovacion","category-news","category-noticias-prolim","category-productividad","category-proveedores","category-recursos-humanos","category-responsabilidad-social","tag-capacitacionlaboral","tag-certificacionesylicencias","tag-facilitiesmanagement","tag-innovacionenlimpieza","tag-liderazgoempresarial","tag-limpiezaprofesional","tag-prolim","tag-proveedor","tag-serviciosdelimpieza"],"blocksy_meta":[],"featured_image_urls_v2":{"full":["https:\/\/prolim.mx\/wp-content\/uploads\/2024\/03\/Conoce-nuestras-credenciales.png",1080,1080,false],"thumbnail":["https:\/\/prolim.mx\/wp-content\/uploads\/2024\/03\/Conoce-nuestras-credenciales-150x150.png",150,150,true],"medium":["https:\/\/prolim.mx\/wp-content\/uploads\/2024\/03\/Conoce-nuestras-credenciales-480x480.png",480,480,true],"medium_large":["https:\/\/prolim.mx\/wp-content\/uploads\/2024\/03\/Conoce-nuestras-credenciales-768x768.png",768,768,true],"large":["https:\/\/prolim.mx\/wp-content\/uploads\/2024\/03\/Conoce-nuestras-credenciales.png",1080,1080,false],"1536x1536":["https:\/\/prolim.mx\/wp-content\/uploads\/2024\/03\/Conoce-nuestras-credenciales.png",1080,1080,false],"2048x2048":["https:\/\/prolim.mx\/wp-content\/uploads\/2024\/03\/Conoce-nuestras-credenciales.png",1080,1080,false],"smart-post-landscape":["https:\/\/prolim.mx\/wp-content\/uploads\/2024\/03\/Conoce-nuestras-credenciales.png",570,570,false],"smart-post-portrait":["https:\/\/prolim.mx\/wp-content\/uploads\/2024\/03\/Conoce-nuestras-credenciales.png",600,600,false]},"post_excerpt_stackable_v2":"<p>Nos complace anunciar el lanzamiento del nuevo dise\u00f1o de las credenciales PROLIM para el a\u00f1o 2024. Este emocionante cambio refleja nuestro compromiso continuo con la innovaci\u00f3n y la excelencia en el servicio que ofrecemos a nuestros clientes y socios. \u00bfQu\u00e9 puedes esperar del nuevo dise\u00f1o? Aspecto Moderno y Profesional: Las nuevas credenciales PROLIM destacan por su dise\u00f1o moderno y profesional, que refleja la vanguardia de nuestra empresa en el sector. Secciones Mejoradas: Hemos revisado y mejorado las diferentes secciones de las credenciales para proporcionar informaci\u00f3n m\u00e1s clara y completa sobre nuestros servicios, valores y compromisos. Identificaci\u00f3n con QR : Con&hellip;<\/p>\n","category_list_v2":"<a href=\"https:\/\/prolim.mx\/index.php\/category\/capacitacion\/\" rel=\"category tag\">Capacitaci\u00f3n<\/a>, <a href=\"https:\/\/prolim.mx\/index.php\/category\/comite-de-calidad\/\" rel=\"category tag\">Comit\u00e9 de Calidad<\/a>, <a href=\"https:\/\/prolim.mx\/index.php\/category\/consejos-prolim\/\" rel=\"category tag\">Consejos PROLIM<\/a>, <a href=\"https:\/\/prolim.mx\/index.php\/category\/innovacion\/\" rel=\"category tag\">Innovaci\u00f3n<\/a>, <a href=\"https:\/\/prolim.mx\/index.php\/category\/news\/\" rel=\"category tag\">news<\/a>, <a href=\"https:\/\/prolim.mx\/index.php\/category\/noticias-prolim\/\" rel=\"category tag\">Noticias PROLIM<\/a>, <a href=\"https:\/\/prolim.mx\/index.php\/category\/productividad\/\" rel=\"category tag\">Productividad<\/a>, <a href=\"https:\/\/prolim.mx\/index.php\/category\/proveedores\/\" rel=\"category tag\">Proveedores<\/a>, <a href=\"https:\/\/prolim.mx\/index.php\/category\/recursos-humanos\/\" rel=\"category tag\">Recursos Humanos<\/a>, <a href=\"https:\/\/prolim.mx\/index.php\/category\/responsabilidad-social\/\" rel=\"category tag\">Responsabilidad Social<\/a>","author_info_v2":{"name":"INGMARMP","url":"https:\/\/prolim.mx\/index.php\/author\/null_oqf6b375\/"},"comments_num_v2":"0 comentarios","_links":{"self":[{"href":"https:\/\/prolim.mx\/index.php\/wp-json\/wp\/v2\/posts\/27860","targetHints":{"allow":["GET"]}}],"collection":[{"href":"https:\/\/prolim.mx\/index.php\/wp-json\/wp\/v2\/posts"}],"about":[{"href":"https:\/\/prolim.mx\/index.php\/wp-json\/wp\/v2\/types\/post"}],"author":[{"embeddable":true,"href":"https:\/\/prolim.mx\/index.php\/wp-json\/wp\/v2\/users\/1"}],"replies":[{"embeddable":true,"href":"https:\/\/prolim.mx\/index.php\/wp-json\/wp\/v2\/comments?post=27860"}],"version-history":[{"count":2,"href":"https:\/\/prolim.mx\/index.php\/wp-json\/wp\/v2\/posts\/27860\/revisions"}],"predecessor-version":[{"id":27863,"href":"https:\/\/prolim.mx\/index.php\/wp-json\/wp\/v2\/posts\/27860\/revisions\/27863"}],"wp:featuredmedia":[{"embeddable":true,"href":"https:\/\/prolim.mx\/index.php\/wp-json\/wp\/v2\/media\/27861"}],"wp:attachment":[{"href":"https:\/\/prolim.mx\/index.php\/wp-json\/wp\/v2\/media?parent=27860"}],"wp:term":[{"taxonomy":"category","embeddable":true,"href":"https:\/\/prolim.mx\/index.php\/wp-json\/wp\/v2\/categories?post=27860"},{"taxonomy":"post_tag","embeddable":true,"href":"https:\/\/prolim.mx\/index.php\/wp-json\/wp\/v2\/tags?post=27860"}],"curies":[{"name":"wp","href":"https:\/\/api.w.org\/{rel}","templated":true}]}}