{"id":27374,"date":"2023-10-11T09:42:00","date_gmt":"2023-10-11T09:42:00","guid":{"rendered":"https:\/\/50.prolim.mx\/?p=27374"},"modified":"2023-10-05T18:33:25","modified_gmt":"2023-10-05T18:33:25","slug":"trazando-un-futuro-mas-limpio-y-sustentable-educacion-en-la-cultura-de-limpieza-sustentable","status":"publish","type":"post","link":"https:\/\/prolim.mx\/index.php\/2023\/10\/11\/trazando-un-futuro-mas-limpio-y-sustentable-educacion-en-la-cultura-de-limpieza-sustentable\/","title":{"rendered":"Trazando un Futuro m\u00e1s Limpio y Sustentable: \u00abEducaci\u00f3n en la Cultura de Limpieza Sustentable\u00bb"},"content":{"rendered":"\n<p>Hace unos d\u00edas, tuvimos el honor de ser anfitriones del inspirador evento \u00abEducaci\u00f3n en la Cultura de Limpieza Sustentable\u00bb. Este evento reuni\u00f3 a expertos, l\u00edderes de la industria y apasionados por la sostenibilidad para explorar nuevas perspectivas y estrategias en el mundo de la limpieza sustentable.<\/p>\n\n\n\n<div class=\"wp-block-stackable-image stk-block-image stk-block stk-1fa98c3\" data-block-id=\"1fa98c3\"><figure class=\"stk-img-wrapper stk-image--shape-stretch\"><img loading=\"lazy\" decoding=\"async\" class=\"stk-img wp-image-27358\" src=\"https:\/\/50.prolim.mx\/wp-content\/uploads\/2023\/10\/WhatsApp-Image-2023-09-20-at-14.20.46-1.jpeg\" width=\"1077\" height=\"1088\" srcset=\"https:\/\/prolim.mx\/wp-content\/uploads\/2023\/10\/WhatsApp-Image-2023-09-20-at-14.20.46-1.jpeg 1077w, https:\/\/prolim.mx\/wp-content\/uploads\/2023\/10\/WhatsApp-Image-2023-09-20-at-14.20.46-1-475x480.jpeg 475w, https:\/\/prolim.mx\/wp-content\/uploads\/2023\/10\/WhatsApp-Image-2023-09-20-at-14.20.46-1-768x776.jpeg 768w\" sizes=\"auto, (max-width: 1077px) 100vw, 1077px\" \/><\/figure><\/div>\n\n\n\n<p><strong>Conferencista: Berenice Campos<\/strong><\/p>\n\n\n\n<p>Una de las personalidades destacadas en este evento fue Berenice Campos, CEO de The Cleaning Company, una de las principales empresas de limpieza en Latinoam\u00e9rica y la n\u00famero 1 en El Salvador. Berenice no solo lidera una empresa exitosa, sino que tambi\u00e9n es una voz influyente en la industria de la limpieza sustentable. Como creadora del podcast y canal de YouTube m\u00e1s importante en temas de Limpieza de habla hispana, conocido como \u00abConexi\u00f3n Limpieza\u00bb, comparte consejos valiosos para mejorar nuestras pr\u00e1cticas de higiene, desinfecci\u00f3n y limpieza, teniendo en cuenta la sustentabilidad y la \u00e9tica empresarial.<\/p>\n\n\n\n<p>Adem\u00e1s de su destacada labor en el mundo de la limpieza, Berenice es una conferencista reconocida en eventos como CleanTec Show y TecnoEdificios. Su compromiso con la excelencia en limpieza est\u00e1 respaldado por certificaciones como CIMS y su experiencia como auditora en limpieza.<\/p>\n\n\n\n<figure class=\"wp-block-image size-large\"><img loading=\"lazy\" decoding=\"async\" width=\"1200\" height=\"606\" src=\"https:\/\/50.prolim.mx\/wp-content\/uploads\/2023\/10\/WhatsApp-Image-2023-09-20-at-14.17.09-4-1200x606.jpeg\" alt=\"\" class=\"wp-image-27375\" srcset=\"https:\/\/prolim.mx\/wp-content\/uploads\/2023\/10\/WhatsApp-Image-2023-09-20-at-14.17.09-4-1200x606.jpeg 1200w, https:\/\/prolim.mx\/wp-content\/uploads\/2023\/10\/WhatsApp-Image-2023-09-20-at-14.17.09-4-480x242.jpeg 480w, https:\/\/prolim.mx\/wp-content\/uploads\/2023\/10\/WhatsApp-Image-2023-09-20-at-14.17.09-4-768x388.jpeg 768w, https:\/\/prolim.mx\/wp-content\/uploads\/2023\/10\/WhatsApp-Image-2023-09-20-at-14.17.09-4-1536x776.jpeg 1536w, https:\/\/prolim.mx\/wp-content\/uploads\/2023\/10\/WhatsApp-Image-2023-09-20-at-14.17.09-4.jpeg 1600w\" sizes=\"auto, (max-width: 1200px) 100vw, 1200px\" \/><\/figure>\n\n\n\n<p><strong>Compromiso con la Sostenibilidad<\/strong><\/p>\n\n\n\n<p>Uno de los temas clave discutidos fue el compromiso con la sostenibilidad. Se resalto c\u00f3mo las decisiones cotidianas en limpieza pueden influir en la salud de nuestro planeta. Desde la elecci\u00f3n de productos de limpieza ecologicos hasta la gesti\u00f3n adecuada de residuos, cada paso cuenta.<\/p>\n\n\n\n<p><strong>Innovaci\u00f3n y Mejora Continua<\/strong><\/p>\n\n\n\n<p>Otro aspecto destacado fue la innovaci\u00f3n en la limpieza sustentable. A medida que avanzamos hacia un futuro m\u00e1s limpio, vemos la adopci\u00f3n de tecnolog\u00edas avanzadas y productos innovadores que minimizan el impacto ambiental y mejoran la eficiencia.<\/p>\n\n\n\n<div class=\"wp-block-stackable-carousel stk-block-carousel stk--is-slide stk--arrows-justify-space-between stk--arrows-align-center stk-block stk-74625e3\" data-slides-to-show=\"\" data-block-id=\"74625e3\"><div class=\"stk-block-carousel__content-wrapper\"><div class=\"stk-row stk-inner-blocks stk-block-content stk-block-carousel__slider-wrapper stk-content-align stk-74625e3-column\"><div class=\"stk-block-carousel__slider\" role=\"list\" data-autoplay=\"4000\" data-label-slide-of=\"Slide %%d of %%d\">\n<div class=\"wp-block-stackable-column stk-block-column stk-column stk-block stk-a3f9936\" data-v=\"4\" data-block-id=\"a3f9936\"><div class=\"stk-column-wrapper stk-block-column__content stk-container stk-a3f9936-container stk--no-background stk--no-padding\"><div class=\"stk-block-content stk-inner-blocks stk-a3f9936-inner-blocks\">\n<div class=\"wp-block-stackable-image stk-block-image stk-block stk-211d0e0\" data-block-id=\"211d0e0\"><figure class=\"stk-img-wrapper stk-image--shape-stretch\"><img loading=\"lazy\" decoding=\"async\" class=\"stk-img wp-image-27376\" src=\"https:\/\/50.prolim.mx\/wp-content\/uploads\/2023\/10\/WhatsApp-Image-2023-09-20-at-14.17.10.jpeg\" width=\"1389\" height=\"1183\" srcset=\"https:\/\/prolim.mx\/wp-content\/uploads\/2023\/10\/WhatsApp-Image-2023-09-20-at-14.17.10.jpeg 1389w, https:\/\/prolim.mx\/wp-content\/uploads\/2023\/10\/WhatsApp-Image-2023-09-20-at-14.17.10-480x409.jpeg 480w, https:\/\/prolim.mx\/wp-content\/uploads\/2023\/10\/WhatsApp-Image-2023-09-20-at-14.17.10-1200x1022.jpeg 1200w, https:\/\/prolim.mx\/wp-content\/uploads\/2023\/10\/WhatsApp-Image-2023-09-20-at-14.17.10-768x654.jpeg 768w\" sizes=\"auto, (max-width: 1389px) 100vw, 1389px\" \/><\/figure><\/div>\n<\/div><\/div><\/div>\n\n\n\n<div class=\"wp-block-stackable-column stk-block-column stk-column stk-block stk-6b7a662\" data-v=\"4\" data-block-id=\"6b7a662\"><div class=\"stk-column-wrapper stk-block-column__content stk-container stk-6b7a662-container stk--no-background stk--no-padding\"><div class=\"stk-block-content stk-inner-blocks stk-6b7a662-inner-blocks\">\n<div class=\"wp-block-stackable-image stk-block-image stk-block stk-88b42e1\" data-block-id=\"88b42e1\"><figure class=\"stk-img-wrapper stk-image--shape-stretch\"><img loading=\"lazy\" decoding=\"async\" class=\"stk-img wp-image-27377\" src=\"https:\/\/50.prolim.mx\/wp-content\/uploads\/2023\/10\/WhatsApp-Image-2023-09-20-at-14.17.10-1.jpeg\" width=\"1446\" height=\"1090\" srcset=\"https:\/\/prolim.mx\/wp-content\/uploads\/2023\/10\/WhatsApp-Image-2023-09-20-at-14.17.10-1.jpeg 1446w, https:\/\/prolim.mx\/wp-content\/uploads\/2023\/10\/WhatsApp-Image-2023-09-20-at-14.17.10-1-480x362.jpeg 480w, https:\/\/prolim.mx\/wp-content\/uploads\/2023\/10\/WhatsApp-Image-2023-09-20-at-14.17.10-1-1200x905.jpeg 1200w, https:\/\/prolim.mx\/wp-content\/uploads\/2023\/10\/WhatsApp-Image-2023-09-20-at-14.17.10-1-768x579.jpeg 768w\" sizes=\"auto, (max-width: 1446px) 100vw, 1446px\" \/><\/figure><\/div>\n<\/div><\/div><\/div>\n\n\n\n<div class=\"wp-block-stackable-column stk-block-column stk-column stk-block stk-c2b56d7\" data-v=\"4\" data-block-id=\"c2b56d7\"><div class=\"stk-column-wrapper stk-block-column__content stk-container stk-c2b56d7-container stk--no-background stk--no-padding\"><div class=\"stk-block-content stk-inner-blocks stk-c2b56d7-inner-blocks\">\n<div class=\"wp-block-stackable-image stk-block-image stk-block stk-35759f1\" data-block-id=\"35759f1\"><figure class=\"stk-img-wrapper stk-image--shape-stretch\"><img loading=\"lazy\" decoding=\"async\" class=\"stk-img wp-image-27378\" src=\"https:\/\/50.prolim.mx\/wp-content\/uploads\/2023\/10\/WhatsApp-Image-2023-09-20-at-14.17.10-2.jpeg\" width=\"1600\" height=\"1349\" srcset=\"https:\/\/prolim.mx\/wp-content\/uploads\/2023\/10\/WhatsApp-Image-2023-09-20-at-14.17.10-2.jpeg 1600w, https:\/\/prolim.mx\/wp-content\/uploads\/2023\/10\/WhatsApp-Image-2023-09-20-at-14.17.10-2-480x405.jpeg 480w, https:\/\/prolim.mx\/wp-content\/uploads\/2023\/10\/WhatsApp-Image-2023-09-20-at-14.17.10-2-1200x1012.jpeg 1200w, https:\/\/prolim.mx\/wp-content\/uploads\/2023\/10\/WhatsApp-Image-2023-09-20-at-14.17.10-2-768x648.jpeg 768w, https:\/\/prolim.mx\/wp-content\/uploads\/2023\/10\/WhatsApp-Image-2023-09-20-at-14.17.10-2-1536x1295.jpeg 1536w\" sizes=\"auto, (max-width: 1600px) 100vw, 1600px\" \/><\/figure><\/div>\n<\/div><\/div><\/div>\n\n\n\n<div class=\"wp-block-stackable-column stk-block-column stk-column stk-block stk-b12c9c0\" data-v=\"4\" data-block-id=\"b12c9c0\"><div class=\"stk-column-wrapper stk-block-column__content stk-container stk-b12c9c0-container stk--no-background stk--no-padding\"><div class=\"stk-block-content stk-inner-blocks stk-b12c9c0-inner-blocks\">\n<div class=\"wp-block-stackable-image stk-block-image stk-block stk-fb82c4b\" data-block-id=\"fb82c4b\"><figure class=\"stk-img-wrapper stk-image--shape-stretch\"><img loading=\"lazy\" decoding=\"async\" class=\"stk-img wp-image-27379\" src=\"https:\/\/50.prolim.mx\/wp-content\/uploads\/2023\/10\/WhatsApp-Image-2023-09-20-at-14.17.10-3.jpeg\" width=\"1417\" height=\"1600\" srcset=\"https:\/\/prolim.mx\/wp-content\/uploads\/2023\/10\/WhatsApp-Image-2023-09-20-at-14.17.10-3.jpeg 1417w, https:\/\/prolim.mx\/wp-content\/uploads\/2023\/10\/WhatsApp-Image-2023-09-20-at-14.17.10-3-425x480.jpeg 425w, https:\/\/prolim.mx\/wp-content\/uploads\/2023\/10\/WhatsApp-Image-2023-09-20-at-14.17.10-3-1063x1200.jpeg 1063w, https:\/\/prolim.mx\/wp-content\/uploads\/2023\/10\/WhatsApp-Image-2023-09-20-at-14.17.10-3-768x867.jpeg 768w, https:\/\/prolim.mx\/wp-content\/uploads\/2023\/10\/WhatsApp-Image-2023-09-20-at-14.17.10-3-1360x1536.jpeg 1360w\" sizes=\"auto, (max-width: 1417px) 100vw, 1417px\" \/><\/figure><\/div>\n<\/div><\/div><\/div>\n<\/div><div class=\"stk-block-carousel__buttons\"><button class=\"stk-block-carousel__button stk-block-carousel__button__prev\" aria-label=\"Previous slide\"><svg aria-hidden=\"true\" focusable=\"false\" data-prefix=\"fas\" data-icon=\"chevron-left\" class=\"svg-inline--fa fa-chevron-left\" xmlns=\"http:\/\/www.w3.org\/2000\/svg\" viewBox=\"0 0 320 512\" width=\"32\" height=\"32\"><path fill=\"currentColor\" d=\"M34.52 239.03L228.87 44.69c9.37-9.37 24.57-9.37 33.94 0l22.67 22.67c9.36 9.36 9.37 24.52.04 33.9L131.49 256l154.02 154.75c9.34 9.38 9.32 24.54-.04 33.9l-22.67 22.67c-9.37 9.37-24.57 9.37-33.94 0L34.52 272.97c-9.37-9.37-9.37-24.57 0-33.94z\"><\/path><\/svg><\/button><button class=\"stk-block-carousel__button stk-block-carousel__button__next\" aria-label=\"Next slide\"><svg aria-hidden=\"true\" focusable=\"false\" data-prefix=\"fas\" data-icon=\"chevron-right\" class=\"svg-inline--fa fa-chevron-right\" xmlns=\"http:\/\/www.w3.org\/2000\/svg\" viewBox=\"0 0 320 512\" width=\"32\" height=\"32\"><path fill=\"currentColor\" d=\"M285.476 272.971L91.132 467.314c-9.373 9.373-24.569 9.373-33.941 0l-22.667-22.667c-9.357-9.357-9.375-24.522-.04-33.901L188.505 256 34.484 101.255c-9.335-9.379-9.317-24.544.04-33.901l22.667-22.667c9.373-9.373 24.569-9.373 33.941 0L285.475 239.03c9.373 9.372 9.373 24.568.001 33.941z\"><\/path><\/svg><\/button><\/div><\/div><div class=\"stk-block-carousel__dots\" role=\"list\" data-label=\"Slide %%d\"><\/div><\/div><\/div>\n\n\n\n<p><strong>Un Llamado a la Acci\u00f3n<\/strong><\/p>\n\n\n\n<p>En Grupo PROLIM, estamos comprometidos con la limpieza sustentable y continuaremos promoviendo iniciativas que ayuden a proteger nuestro planeta y a mejorar la calidad de vida de todos.<\/p>\n\n\n\n<p>Gracias a todos los participantes, oradores y colaboradores por hacer que este evento sea un gran \u00e9xito. Esperamos seguir trabajando juntos hacia un futuro m\u00e1s limpio y sustentable.<\/p>\n\n\n\n<p>\u00a1Mantente atento para obtener m\u00e1s noticias y actualizaciones sobre nuestra pr\u00f3xima iniciativa de sostenibilidad!<\/p>\n","protected":false},"excerpt":{"rendered":"<p>Hace unos d\u00edas, tuvimos el honor de ser anfitriones del inspirador evento \u00abEducaci\u00f3n en la Cultura de Limpieza Sustentable\u00bb. Este evento reuni\u00f3 a expertos, l\u00edderes de la industria y apasionados por la sostenibilidad para explorar nuevas perspectivas y estrategias en el mundo de la limpieza sustentable. Conferencista: Berenice Campos Una de las personalidades destacadas en [&hellip;]<\/p>\n","protected":false},"author":1,"featured_media":27382,"comment_status":"open","ping_status":"closed","sticky":false,"template":"","format":"standard","meta":{"_joinchat":[],"footnotes":""},"categories":[50,53,1,51,75,44,43,49],"tags":[],"class_list":["post-27374","post","type-post","status-publish","format-standard","has-post-thumbnail","hentry","category-capacitacion","category-consejos-prolim","category-uncategorized","category-innovacion","category-noticias-prolim","category-proveedores","category-recursos-humanos","category-responsabilidad-social"],"blocksy_meta":[],"featured_image_urls_v2":{"full":["https:\/\/prolim.mx\/wp-content\/uploads\/2023\/10\/11-oct.png",1080,1080,false],"thumbnail":["https:\/\/prolim.mx\/wp-content\/uploads\/2023\/10\/11-oct-150x150.png",150,150,true],"medium":["https:\/\/prolim.mx\/wp-content\/uploads\/2023\/10\/11-oct-480x480.png",480,480,true],"medium_large":["https:\/\/prolim.mx\/wp-content\/uploads\/2023\/10\/11-oct-768x768.png",768,768,true],"large":["https:\/\/prolim.mx\/wp-content\/uploads\/2023\/10\/11-oct.png",1080,1080,false],"1536x1536":["https:\/\/prolim.mx\/wp-content\/uploads\/2023\/10\/11-oct.png",1080,1080,false],"2048x2048":["https:\/\/prolim.mx\/wp-content\/uploads\/2023\/10\/11-oct.png",1080,1080,false],"smart-post-landscape":["https:\/\/prolim.mx\/wp-content\/uploads\/2023\/10\/11-oct.png",570,570,false],"smart-post-portrait":["https:\/\/prolim.mx\/wp-content\/uploads\/2023\/10\/11-oct.png",600,600,false]},"post_excerpt_stackable_v2":"<p>Hace unos d\u00edas, tuvimos el honor de ser anfitriones del inspirador evento \u00abEducaci\u00f3n en la Cultura de Limpieza Sustentable\u00bb. Este evento reuni\u00f3 a expertos, l\u00edderes de la industria y apasionados por la sostenibilidad para explorar nuevas perspectivas y estrategias en el mundo de la limpieza sustentable. Conferencista: Berenice Campos Una de las personalidades destacadas en este evento fue Berenice Campos, CEO de The Cleaning Company, una de las principales empresas de limpieza en Latinoam\u00e9rica y la n\u00famero 1 en El Salvador. Berenice no solo lidera una empresa exitosa, sino que tambi\u00e9n es una voz influyente en la industria de la&hellip;<\/p>\n","category_list_v2":"<a href=\"https:\/\/prolim.mx\/index.php\/category\/capacitacion\/\" rel=\"category tag\">Capacitaci\u00f3n<\/a>, <a href=\"https:\/\/prolim.mx\/index.php\/category\/consejos-prolim\/\" rel=\"category tag\">Consejos PROLIM<\/a>, <a href=\"https:\/\/prolim.mx\/index.php\/category\/uncategorized\/\" rel=\"category tag\">Desarrollo Humano<\/a>, <a href=\"https:\/\/prolim.mx\/index.php\/category\/innovacion\/\" rel=\"category tag\">Innovaci\u00f3n<\/a>, <a href=\"https:\/\/prolim.mx\/index.php\/category\/noticias-prolim\/\" rel=\"category tag\">Noticias PROLIM<\/a>, <a href=\"https:\/\/prolim.mx\/index.php\/category\/proveedores\/\" rel=\"category tag\">Proveedores<\/a>, <a href=\"https:\/\/prolim.mx\/index.php\/category\/recursos-humanos\/\" rel=\"category tag\">Recursos Humanos<\/a>, <a href=\"https:\/\/prolim.mx\/index.php\/category\/responsabilidad-social\/\" rel=\"category tag\">Responsabilidad Social<\/a>","author_info_v2":{"name":"INGMARMP","url":"https:\/\/prolim.mx\/index.php\/author\/null_oqf6b375\/"},"comments_num_v2":"0 comentarios","_links":{"self":[{"href":"https:\/\/prolim.mx\/index.php\/wp-json\/wp\/v2\/posts\/27374","targetHints":{"allow":["GET"]}}],"collection":[{"href":"https:\/\/prolim.mx\/index.php\/wp-json\/wp\/v2\/posts"}],"about":[{"href":"https:\/\/prolim.mx\/index.php\/wp-json\/wp\/v2\/types\/post"}],"author":[{"embeddable":true,"href":"https:\/\/prolim.mx\/index.php\/wp-json\/wp\/v2\/users\/1"}],"replies":[{"embeddable":true,"href":"https:\/\/prolim.mx\/index.php\/wp-json\/wp\/v2\/comments?post=27374"}],"version-history":[{"count":4,"href":"https:\/\/prolim.mx\/index.php\/wp-json\/wp\/v2\/posts\/27374\/revisions"}],"predecessor-version":[{"id":27389,"href":"https:\/\/prolim.mx\/index.php\/wp-json\/wp\/v2\/posts\/27374\/revisions\/27389"}],"wp:featuredmedia":[{"embeddable":true,"href":"https:\/\/prolim.mx\/index.php\/wp-json\/wp\/v2\/media\/27382"}],"wp:attachment":[{"href":"https:\/\/prolim.mx\/index.php\/wp-json\/wp\/v2\/media?parent=27374"}],"wp:term":[{"taxonomy":"category","embeddable":true,"href":"https:\/\/prolim.mx\/index.php\/wp-json\/wp\/v2\/categories?post=27374"},{"taxonomy":"post_tag","embeddable":true,"href":"https:\/\/prolim.mx\/index.php\/wp-json\/wp\/v2\/tags?post=27374"}],"curies":[{"name":"wp","href":"https:\/\/api.w.org\/{rel}","templated":true}]}}