{"id":27302,"date":"2023-09-20T07:17:48","date_gmt":"2023-09-20T07:17:48","guid":{"rendered":"https:\/\/50.prolim.mx\/?p=27302"},"modified":"2023-10-05T17:14:09","modified_gmt":"2023-10-05T17:14:09","slug":"aprende-a-educar-en-la-cultura-de-limpieza-sustentable-con-berenice-campos-ceo-de-the-cleaning-company","status":"publish","type":"post","link":"https:\/\/prolim.mx\/index.php\/2023\/09\/20\/aprende-a-educar-en-la-cultura-de-limpieza-sustentable-con-berenice-campos-ceo-de-the-cleaning-company\/","title":{"rendered":"Aprende a Educar en la Cultura de Limpieza Sustentable con Berenice Campos, CEO de The Cleaning Company"},"content":{"rendered":"\n<p>\u00a1\u00danete a nosotros en un emocionante viaje hacia la limpieza sustentable y la \u00e9tica empresarial con Berenice Campos, CEO de The Cleaning Company!<\/p>\n\n\n\n<div class=\"wp-block-stackable-image stk-block-image stk-block stk-487537c\" data-block-id=\"487537c\"><style>.stk-487537c{margin-bottom:0px !important}.stk-487537c .stk-img-wrapper{width:54% !important;height:399px !important}@media screen and (max-width:689px){.stk-487537c .stk-img-wrapper{width:100% !important;height:300px !important}}<\/style><figure class=\"stk-img-wrapper stk-image--shape-stretch\"><img loading=\"lazy\" decoding=\"async\" class=\"stk-img wp-image-27304\" src=\"https:\/\/50.prolim.mx\/wp-content\/uploads\/2023\/09\/2-bere-e1695220594127.png\" width=\"500\" height=\"486\"\/><\/figure><\/div>\n\n\n\n<p>En un mundo donde la limpieza y la sostenibilidad son m\u00e1s importantes que nunca, estamos encantados de presentar esta oportunidad \u00fanica de aprender de una experta en el campo. Berenice Campos, la visionaria CEO de The Cleaning Company, una de las principales empresas de limpieza en Latinoam\u00e9rica y la n\u00famero 1 en El Salvador, compartir\u00e1 sus conocimientos y experiencia en una charla imperdible.<\/p>\n\n\n\n<p><strong>Berenice Campos: Pionera en Limpieza Sustentable<\/strong><\/p>\n\n\n\n<p>Berenice no es solo una exitosa empresaria, sino tambi\u00e9n la creadora del podcast y canal de YouTube m\u00e1s influyente en temas de limpieza en habla hispana: \u00abConexi\u00f3n Limpieza\u00bb. A trav\u00e9s de estas plataformas, comparte consejos valiosos para mejorar nuestras pr\u00e1cticas de higiene, desinfecci\u00f3n y limpieza, siempre con un enfoque en la sustentabilidad y la \u00e9tica empresarial.<\/p>\n\n\n\n<p>Pero eso no es todo. Berenice es una conferencista destacada en eventos como los de CleanTec Show y TecnoEdificios, donde su experiencia en limpieza sustentable brilla con luz propia. Adem\u00e1s, cuenta con la certificaci\u00f3n CIMS y es una auditora reconocida en el campo de la limpieza.<\/p>\n\n\n\n<p><strong>\u00bfPor qu\u00e9 esta conferencia es imperdible?<\/strong><\/p>\n\n\n\n<ul class=\"wp-block-list\">\n<li>Aprender\u00e1s de una l\u00edder de la industria: Berenice Campos ha demostrado ser una visionaria en el campo de la limpieza sustentable.<\/li>\n\n\n\n<li>Descubrir\u00e1s consejos pr\u00e1cticos: Berenice compartir\u00e1 consejos y trucos que puedes aplicar de inmediato para mejorar tus pr\u00e1cticas de limpieza.<\/li>\n\n\n\n<li>Conectar\u00e1s con una comunidad: Esta conferencia es una oportunidad para conectarte con otros apasionados de la limpieza sustentable y la \u00e9tica empresarial.<\/li>\n\n\n\n<li>Inspiraci\u00f3n para el cambio: Berenice te motivar\u00e1 a adoptar pr\u00e1cticas m\u00e1s sostenibles en tu vida y en tu empresa.<\/li>\n<\/ul>\n\n\n\n<p><strong>Detalles de la Conferencia<\/strong><\/p>\n\n\n\n<ul class=\"wp-block-list\">\n<li><strong>Fecha:<\/strong> Mi\u00e9rcoles, 20 de Septiembre<\/li>\n\n\n\n<li><strong>Hora:<\/strong> 12:00 pm a 1:00 pm<\/li>\n\n\n\n<li><strong>Lugar:<\/strong> Facebook Grupo PROLIM<\/li>\n<\/ul>\n\n\n<p><iframe loading=\"lazy\" src=\"https:\/\/www.facebook.com\/plugins\/post.php?href=https%3A%2F%2Fwww.facebook.com%2Fmantenimientolimpiezaprolim%2Fposts%2Fpfbid0T1rMK1uRKqh1AVfVtbZ7gPn4W1yuPYGUrtQaF7CzLXGpT8Bp2jnYPFKAz7ARByBPl&#038;show_text=true&#038;width=500\" width=\"500\" height=\"532\" style=\"border:none;overflow:hidden\" scrolling=\"no\" frameborder=\"0\" allowfullscreen=\"true\" allow=\"autoplay; clipboard-write; encrypted-media; picture-in-picture; web-share\"><\/iframe><\/p>\n\n\n\n<p>No te pierdas esta oportunidad \u00fanica de aprender y crecer en el mundo de la limpieza sustentable. \u00a1Reg\u00edstrate ahora y prep\u00e1rate para un viaje inspirador hacia un futuro m\u00e1s limpio y \u00e9tico!<\/p>\n","protected":false},"excerpt":{"rendered":"<p>\u00a1\u00danete a nosotros en un emocionante viaje hacia la limpieza sustentable y la \u00e9tica empresarial con Berenice Campos, CEO de The Cleaning Company! En un mundo donde la limpieza y la sostenibilidad son m\u00e1s importantes que nunca, estamos encantados de presentar esta oportunidad \u00fanica de aprender de una experta en el campo. Berenice Campos, la [&hellip;]<\/p>\n","protected":false},"author":1,"featured_media":27311,"comment_status":"open","ping_status":"closed","sticky":false,"template":"","format":"standard","meta":{"_joinchat":[],"footnotes":""},"categories":[1],"tags":[],"class_list":["post-27302","post","type-post","status-publish","format-standard","has-post-thumbnail","hentry","category-uncategorized"],"blocksy_meta":[],"featured_image_urls_v2":{"full":["https:\/\/prolim.mx\/wp-content\/uploads\/2023\/09\/Berenice-Campos.png",1080,1080,false],"thumbnail":["https:\/\/prolim.mx\/wp-content\/uploads\/2023\/09\/Berenice-Campos-150x150.png",150,150,true],"medium":["https:\/\/prolim.mx\/wp-content\/uploads\/2023\/09\/Berenice-Campos-480x480.png",480,480,true],"medium_large":["https:\/\/prolim.mx\/wp-content\/uploads\/2023\/09\/Berenice-Campos-768x768.png",768,768,true],"large":["https:\/\/prolim.mx\/wp-content\/uploads\/2023\/09\/Berenice-Campos.png",1080,1080,false],"1536x1536":["https:\/\/prolim.mx\/wp-content\/uploads\/2023\/09\/Berenice-Campos.png",1080,1080,false],"2048x2048":["https:\/\/prolim.mx\/wp-content\/uploads\/2023\/09\/Berenice-Campos.png",1080,1080,false],"smart-post-landscape":["https:\/\/prolim.mx\/wp-content\/uploads\/2023\/09\/Berenice-Campos.png",570,570,false],"smart-post-portrait":["https:\/\/prolim.mx\/wp-content\/uploads\/2023\/09\/Berenice-Campos.png",600,600,false]},"post_excerpt_stackable_v2":"<p>\u00a1\u00danete a nosotros en un emocionante viaje hacia la limpieza sustentable y la \u00e9tica empresarial con Berenice Campos, CEO de The Cleaning Company! En un mundo donde la limpieza y la sostenibilidad son m\u00e1s importantes que nunca, estamos encantados de presentar esta oportunidad \u00fanica de aprender de una experta en el campo. Berenice Campos, la visionaria CEO de The Cleaning Company, una de las principales empresas de limpieza en Latinoam\u00e9rica y la n\u00famero 1 en El Salvador, compartir\u00e1 sus conocimientos y experiencia en una charla imperdible. Berenice Campos: Pionera en Limpieza Sustentable Berenice no es solo una exitosa empresaria, sino&hellip;<\/p>\n","category_list_v2":"<a href=\"https:\/\/prolim.mx\/index.php\/category\/uncategorized\/\" rel=\"category tag\">Desarrollo Humano<\/a>","author_info_v2":{"name":"INGMARMP","url":"https:\/\/prolim.mx\/index.php\/author\/null_oqf6b375\/"},"comments_num_v2":"0 comentarios","_links":{"self":[{"href":"https:\/\/prolim.mx\/index.php\/wp-json\/wp\/v2\/posts\/27302","targetHints":{"allow":["GET"]}}],"collection":[{"href":"https:\/\/prolim.mx\/index.php\/wp-json\/wp\/v2\/posts"}],"about":[{"href":"https:\/\/prolim.mx\/index.php\/wp-json\/wp\/v2\/types\/post"}],"author":[{"embeddable":true,"href":"https:\/\/prolim.mx\/index.php\/wp-json\/wp\/v2\/users\/1"}],"replies":[{"embeddable":true,"href":"https:\/\/prolim.mx\/index.php\/wp-json\/wp\/v2\/comments?post=27302"}],"version-history":[{"count":9,"href":"https:\/\/prolim.mx\/index.php\/wp-json\/wp\/v2\/posts\/27302\/revisions"}],"predecessor-version":[{"id":27372,"href":"https:\/\/prolim.mx\/index.php\/wp-json\/wp\/v2\/posts\/27302\/revisions\/27372"}],"wp:featuredmedia":[{"embeddable":true,"href":"https:\/\/prolim.mx\/index.php\/wp-json\/wp\/v2\/media\/27311"}],"wp:attachment":[{"href":"https:\/\/prolim.mx\/index.php\/wp-json\/wp\/v2\/media?parent=27302"}],"wp:term":[{"taxonomy":"category","embeddable":true,"href":"https:\/\/prolim.mx\/index.php\/wp-json\/wp\/v2\/categories?post=27302"},{"taxonomy":"post_tag","embeddable":true,"href":"https:\/\/prolim.mx\/index.php\/wp-json\/wp\/v2\/tags?post=27302"}],"curies":[{"name":"wp","href":"https:\/\/api.w.org\/{rel}","templated":true}]}}