{"id":26857,"date":"2023-05-16T10:11:00","date_gmt":"2023-05-16T10:11:00","guid":{"rendered":"https:\/\/50.prolim.mx\/?p=26857"},"modified":"2023-08-12T01:07:31","modified_gmt":"2023-08-12T01:07:31","slug":"conexion-limpieza-diferencia-aplicacion-y-beneficios-de-la-sostenibilidad-y-la-rse-entrevista-con-pedro-murillo","status":"publish","type":"post","link":"https:\/\/prolim.mx\/index.php\/2023\/05\/16\/conexion-limpieza-diferencia-aplicacion-y-beneficios-de-la-sostenibilidad-y-la-rse-entrevista-con-pedro-murillo\/","title":{"rendered":"Conexi\u00f3n Limpieza: Diferencia, aplicaci\u00f3n y beneficios de la sostenibilidad y la RSE: Entrevista con Pedro Murillo"},"content":{"rendered":"\n<p>En esta ocasi\u00f3n en Conexi\u00f3n Limpieza de Berenice invit\u00f3 a Pedro Murillo, licenciado en ciencias de la comunicaci\u00f3n y experto en responsabilidad social empresarial y sostenibilidad, discuten sobre la sostenibilidad empresarial y c\u00f3mo implementar acciones sostenibles en el d\u00eda a d\u00eda de una empresa. Pedro explica que la sostenibilidad va m\u00e1s all\u00e1 de la ayuda puntual y busca proyectos duraderos en el tiempo que beneficien a las personas, las comunidades y el medio ambiente. Destaca la importancia de involucrar a las personas y escuchar sus necesidades reales para dise\u00f1ar proyectos sostenibles. Adem\u00e1s, menciona que la sostenibilidad no es exclusiva de grandes empresas y que se pueden desarrollar acciones creativas sin afectar la rentabilidad. Tambi\u00e9n hablan sobre el componente del gobierno corporativo, que implica buenas pr\u00e1cticas internas en la empresa. Resaltando c\u00f3mo la sostenibilidad puede ser un factor influyente en la decisi\u00f3n de compra de los consumidores y c\u00f3mo las nuevas generaciones valoran cada vez m\u00e1s las acciones sostenibles de las empresas.<\/p>\n\n\n\n<p>La presi\u00f3n social en favor de la sostenibilidad se puede manifestar a trav\u00e9s de tres l\u00edneas principales. En primer lugar, existe una presi\u00f3n por parte de los propios empleados y del entorno en el que nos encontramos, donde se espera que las empresas sean sostenibles. Adem\u00e1s, los clientes tambi\u00e9n desean trabajar con empresas que sean m\u00e1s sostenibles y que tengan programas de inclusi\u00f3n. En el contexto de Am\u00e9rica Latina, la inclusi\u00f3n se refiere a respetar y apoyar a personas en situaciones desfavorecidas, como los trabajadores de limpieza que a menudo no reciben el trato adecuado y viven en condiciones de pobreza extrema. La inclusi\u00f3n tambi\u00e9n implica capacitar y apoyar a estos trabajadores.<\/p>\n\n\n\n<p>Es esencial que las empresas se enfoquen tanto en la sostenibilidad ambiental como en la social. A menudo, se habla de programas de inclusi\u00f3n, pero es importante aterrizar estos conceptos en la realidad de Am\u00e9rica Latina. Capacitar al personal de servicios generales, por ejemplo, puede generar un impacto significativo, ya que les brinda nuevas habilidades y muestra respeto por su trabajo. Estas personas contribuyen a mantener ambientes saludables.<\/p>\n\n\n\n<p>La comunicaci\u00f3n entre empresas tambi\u00e9n es esencial para evitar duplicar esfuerzos y optimizar los recursos disponibles. Un ejemplo de esto es cuando varias empresas recibieron una carta de solicitud de una escuela y, al colaborar y coordinarse, pudieron evitar duplicar las donaciones y hacer que la ayuda fuera m\u00e1s efectiva. Aunque las empresas pueden ser de diferentes sectores, la cooperaci\u00f3n y la comunicaci\u00f3n son fundamentales para lograr un mayor impacto.<\/p>\n\n\n\n<p>En resumen, las empresas deben mirar tanto hacia adentro como hacia afuera en materia de sostenibilidad. Es importante apoyar a los colaboradores y aprovechar el valioso capital humano que tienen. Adem\u00e1s, deben establecer l\u00edmites y definir hasta d\u00f3nde pueden llegar en programas de sostenibilidad, evitando generar falsas expectativas. La comunicaci\u00f3n entre empresas tambi\u00e9n es clave para evitar duplicaciones y optimizar los recursos. Es fundamental comenzar de manera peque\u00f1a pero sostenida, brindando seguimiento y cuidado a las iniciativas implementadas.<\/p>\n\n\n\n<figure class=\"wp-block-embed is-type-video is-provider-youtube wp-block-embed-youtube wp-embed-aspect-16-9 wp-has-aspect-ratio\"><div class=\"wp-block-embed__wrapper\">\n<iframe loading=\"lazy\" title=\"Diferencia aplicacio\u0301n y beneficios de la sostenibilidad y la RSE entrevista con Pedro Murillo\" width=\"1290\" height=\"726\" src=\"https:\/\/www.youtube.com\/embed\/77buZ1HBsA8?feature=oembed\" frameborder=\"0\" allow=\"accelerometer; autoplay; clipboard-write; encrypted-media; gyroscope; picture-in-picture; web-share\" allowfullscreen><\/iframe>\n<\/div><\/figure>\n","protected":false},"excerpt":{"rendered":"<p>En esta ocasi\u00f3n en Conexi\u00f3n Limpieza de Berenice invit\u00f3 a Pedro Murillo, licenciado en ciencias de la comunicaci\u00f3n y experto en responsabilidad social empresarial y sostenibilidad, discuten sobre la sostenibilidad empresarial y c\u00f3mo implementar acciones sostenibles en el d\u00eda a d\u00eda de una empresa. Pedro explica que la sostenibilidad va m\u00e1s all\u00e1 de la ayuda [&hellip;]<\/p>\n","protected":false},"author":1,"featured_media":26859,"comment_status":"closed","ping_status":"closed","sticky":false,"template":"","format":"standard","meta":{"_joinchat":[],"footnotes":""},"categories":[75],"tags":[79,81,83,85,86,89,91,92,82,88,87,71,80,84,78,90,77,69],"class_list":["post-26857","post","type-post","status-publish","format-standard","has-post-thumbnail","hentry","category-noticias-prolim","tag-accionessostenibles","tag-beneficiosocial","tag-capitalhumano","tag-comunicacionempresarial","tag-cooperacionempresarial","tag-facilitiesmanagement","tag-innovacionenlimpieza","tag-limpiezaprofesional","tag-medioambiente","tag-mejoracontinua","tag-optimizacionderecursos","tag-prolim","tag-proyectosduraderos","tag-rentabilidadsostenible","tag-responsabilidadsocialempresarial","tag-serviciosdelimpieza","tag-sostenibilidadempresarial","tag-youtube"],"blocksy_meta":[],"featured_image_urls_v2":{"full":["https:\/\/prolim.mx\/wp-content\/uploads\/2023\/05\/Wordpress-Destacada-Thumbnail-yt.png",1080,1080,false],"thumbnail":["https:\/\/prolim.mx\/wp-content\/uploads\/2023\/05\/Wordpress-Destacada-Thumbnail-yt-150x150.png",150,150,true],"medium":["https:\/\/prolim.mx\/wp-content\/uploads\/2023\/05\/Wordpress-Destacada-Thumbnail-yt-480x480.png",480,480,true],"medium_large":["https:\/\/prolim.mx\/wp-content\/uploads\/2023\/05\/Wordpress-Destacada-Thumbnail-yt-768x768.png",768,768,true],"large":["https:\/\/prolim.mx\/wp-content\/uploads\/2023\/05\/Wordpress-Destacada-Thumbnail-yt.png",1080,1080,false],"1536x1536":["https:\/\/prolim.mx\/wp-content\/uploads\/2023\/05\/Wordpress-Destacada-Thumbnail-yt.png",1080,1080,false],"2048x2048":["https:\/\/prolim.mx\/wp-content\/uploads\/2023\/05\/Wordpress-Destacada-Thumbnail-yt.png",1080,1080,false],"smart-post-landscape":["https:\/\/prolim.mx\/wp-content\/uploads\/2023\/05\/Wordpress-Destacada-Thumbnail-yt.png",570,570,false],"smart-post-portrait":["https:\/\/prolim.mx\/wp-content\/uploads\/2023\/05\/Wordpress-Destacada-Thumbnail-yt.png",600,600,false]},"post_excerpt_stackable_v2":"<p>En esta ocasi\u00f3n en Conexi\u00f3n Limpieza de Berenice invit\u00f3 a Pedro Murillo, licenciado en ciencias de la comunicaci\u00f3n y experto en responsabilidad social empresarial y sostenibilidad, discuten sobre la sostenibilidad empresarial y c\u00f3mo implementar acciones sostenibles en el d\u00eda a d\u00eda de una empresa. Pedro explica que la sostenibilidad va m\u00e1s all\u00e1 de la ayuda puntual y busca proyectos duraderos en el tiempo que beneficien a las personas, las comunidades y el medio ambiente. Destaca la importancia de involucrar a las personas y escuchar sus necesidades reales para dise\u00f1ar proyectos sostenibles. Adem\u00e1s, menciona que la sostenibilidad no es exclusiva de&hellip;<\/p>\n","category_list_v2":"<a href=\"https:\/\/prolim.mx\/index.php\/category\/noticias-prolim\/\" rel=\"category tag\">Noticias PROLIM<\/a>","author_info_v2":{"name":"INGMARMP","url":"https:\/\/prolim.mx\/index.php\/author\/null_oqf6b375\/"},"comments_num_v2":"0 comentarios","_links":{"self":[{"href":"https:\/\/prolim.mx\/index.php\/wp-json\/wp\/v2\/posts\/26857","targetHints":{"allow":["GET"]}}],"collection":[{"href":"https:\/\/prolim.mx\/index.php\/wp-json\/wp\/v2\/posts"}],"about":[{"href":"https:\/\/prolim.mx\/index.php\/wp-json\/wp\/v2\/types\/post"}],"author":[{"embeddable":true,"href":"https:\/\/prolim.mx\/index.php\/wp-json\/wp\/v2\/users\/1"}],"replies":[{"embeddable":true,"href":"https:\/\/prolim.mx\/index.php\/wp-json\/wp\/v2\/comments?post=26857"}],"version-history":[{"count":1,"href":"https:\/\/prolim.mx\/index.php\/wp-json\/wp\/v2\/posts\/26857\/revisions"}],"predecessor-version":[{"id":26858,"href":"https:\/\/prolim.mx\/index.php\/wp-json\/wp\/v2\/posts\/26857\/revisions\/26858"}],"wp:featuredmedia":[{"embeddable":true,"href":"https:\/\/prolim.mx\/index.php\/wp-json\/wp\/v2\/media\/26859"}],"wp:attachment":[{"href":"https:\/\/prolim.mx\/index.php\/wp-json\/wp\/v2\/media?parent=26857"}],"wp:term":[{"taxonomy":"category","embeddable":true,"href":"https:\/\/prolim.mx\/index.php\/wp-json\/wp\/v2\/categories?post=26857"},{"taxonomy":"post_tag","embeddable":true,"href":"https:\/\/prolim.mx\/index.php\/wp-json\/wp\/v2\/tags?post=26857"}],"curies":[{"name":"wp","href":"https:\/\/api.w.org\/{rel}","templated":true}]}}